{"id":30895,"date":"2025-06-18T23:50:00","date_gmt":"2025-06-18T23:50:00","guid":{"rendered":"https:\/\/www.fundacionagrolibano.org\/?p=30895"},"modified":"2025-07-18T23:53:01","modified_gmt":"2025-07-18T23:53:01","slug":"grupo-agrolibano-impulsa-la-transformacion-digital-con-formacion-en-machine-learning","status":"publish","type":"post","link":"https:\/\/fundacionagrolibano.org\/en\/grupo-agrolibano-impulsa-la-transformacion-digital-con-formacion-en-machine-learning\/","title":{"rendered":"Grupo Agrol\u00edbano impulsa la transformaci\u00f3n digital con formaci\u00f3n en machine learning"},"content":{"rendered":"<p>Como parte de su estrategia de innovaci\u00f3n y fortalecimiento de capacidades, Grupo Agrol\u00edbano ha iniciado el curso virtual \u201cMachine Learning en Azure\u201d con la participaci\u00f3n de 10 colaboradores de \u00e1reas clave. Esta formaci\u00f3n introduce el uso de herramientas de inteligencia artificial, modelado predictivo y automatizaci\u00f3n de datos a trav\u00e9s de la plataforma Microsoft Azure. Con esta iniciativa, reafirmamos nuestro compromiso con la formaci\u00f3n continua y la adopci\u00f3n de tecnolog\u00edas que impulsan la eficiencia operativa y la toma de decisiones basada en datos.<\/p>\n\n\n\n<p><\/p>","protected":false},"excerpt":{"rendered":"<p>Como parte de su estrategia de innovaci\u00f3n y fortalecimiento de capacidades, Grupo Agrol\u00edbano ha iniciado el curso virtual \u201cMachine Learning en Azure\u201d con la participaci\u00f3n de 10 colaboradores de \u00e1reas clave. Esta formaci\u00f3n introduce el uso de herramientas de inteligencia artificial, modelado predictivo y automatizaci\u00f3n de datos a trav\u00e9s de la plataforma Microsoft Azure. Con [&hellip;]<\/p>\n","protected":false},"author":4,"featured_media":30896,"comment_status":"open","ping_status":"open","sticky":false,"template":"","format":"standard","meta":{"footnotes":""},"categories":[3],"tags":[],"class_list":["post-30895","post","type-post","status-publish","format-standard","has-post-thumbnail","hentry","category-sala-de-prensa"],"_links":{"self":[{"href":"https:\/\/fundacionagrolibano.org\/en\/wp-json\/wp\/v2\/posts\/30895","targetHints":{"allow":["GET"]}}],"collection":[{"href":"https:\/\/fundacionagrolibano.org\/en\/wp-json\/wp\/v2\/posts"}],"about":[{"href":"https:\/\/fundacionagrolibano.org\/en\/wp-json\/wp\/v2\/types\/post"}],"author":[{"embeddable":true,"href":"https:\/\/fundacionagrolibano.org\/en\/wp-json\/wp\/v2\/users\/4"}],"replies":[{"embeddable":true,"href":"https:\/\/fundacionagrolibano.org\/en\/wp-json\/wp\/v2\/comments?post=30895"}],"version-history":[{"count":1,"href":"https:\/\/fundacionagrolibano.org\/en\/wp-json\/wp\/v2\/posts\/30895\/revisions"}],"predecessor-version":[{"id":30897,"href":"https:\/\/fundacionagrolibano.org\/en\/wp-json\/wp\/v2\/posts\/30895\/revisions\/30897"}],"wp:featuredmedia":[{"embeddable":true,"href":"https:\/\/fundacionagrolibano.org\/en\/wp-json\/wp\/v2\/media\/30896"}],"wp:attachment":[{"href":"https:\/\/fundacionagrolibano.org\/en\/wp-json\/wp\/v2\/media?parent=30895"}],"wp:term":[{"taxonomy":"category","embeddable":true,"href":"https:\/\/fundacionagrolibano.org\/en\/wp-json\/wp\/v2\/categories?post=30895"},{"taxonomy":"post_tag","embeddable":true,"href":"https:\/\/fundacionagrolibano.org\/en\/wp-json\/wp\/v2\/tags?post=30895"}],"curies":[{"name":"wp","href":"https:\/\/api.w.org\/{rel}","templated":true}]}}