{"id":30898,"date":"2025-06-18T23:55:00","date_gmt":"2025-06-18T23:55:00","guid":{"rendered":"https:\/\/www.fundacionagrolibano.org\/?p=30898"},"modified":"2025-07-19T00:00:49","modified_gmt":"2025-07-19T00:00:49","slug":"grupo-agrolibano-lanza-capacitacion-para-fortalecer-relaciones-humanas-y-liderazgo","status":"publish","type":"post","link":"https:\/\/fundacionagrolibano.org\/en\/grupo-agrolibano-lanza-capacitacion-para-fortalecer-relaciones-humanas-y-liderazgo\/","title":{"rendered":"Grupo agrol\u00edbano launches dale carnegie training to strengthen human relations and leadership skills"},"content":{"rendered":"<p>Grupo Agrol\u00edbano has launched the course \u201cHuman Relations, Effective Communication, and Skills for Success\u201d, facilitated by the renowned international firm Dale Carnegie. The program includes 14 participants from various departments who will meet weekly at the Central Office in San Lorenzo, from June through August. Throughout the sessions, they will develop key competencies such as personal leadership, empathy, effective communication, teamwork, and interpersonal skills\u2014essential for enhancing both professional performance and personal well-being.<\/p>","protected":false},"excerpt":{"rendered":"<p>Grupo Agrol\u00edbano ha iniciado el curso \u201cRelaciones Humanas, Comunicaci\u00f3n Eficaz y Habilidades para el \u00c9xito\u201d, facilitado por la reconocida firma internacional Dale Carnegie. El programa cuenta con la participaci\u00f3n de 14 colaboradores de distintas \u00e1reas, quienes se reunir\u00e1n semanalmente en las instalaciones de Oficina Central en San Lorenzo, desde el mes de junio hasta agosto. [&hellip;]<\/p>\n","protected":false},"author":4,"featured_media":30899,"comment_status":"open","ping_status":"open","sticky":false,"template":"","format":"standard","meta":{"footnotes":""},"categories":[3],"tags":[],"class_list":["post-30898","post","type-post","status-publish","format-standard","has-post-thumbnail","hentry","category-sala-de-prensa"],"_links":{"self":[{"href":"https:\/\/fundacionagrolibano.org\/en\/wp-json\/wp\/v2\/posts\/30898","targetHints":{"allow":["GET"]}}],"collection":[{"href":"https:\/\/fundacionagrolibano.org\/en\/wp-json\/wp\/v2\/posts"}],"about":[{"href":"https:\/\/fundacionagrolibano.org\/en\/wp-json\/wp\/v2\/types\/post"}],"author":[{"embeddable":true,"href":"https:\/\/fundacionagrolibano.org\/en\/wp-json\/wp\/v2\/users\/4"}],"replies":[{"embeddable":true,"href":"https:\/\/fundacionagrolibano.org\/en\/wp-json\/wp\/v2\/comments?post=30898"}],"version-history":[{"count":1,"href":"https:\/\/fundacionagrolibano.org\/en\/wp-json\/wp\/v2\/posts\/30898\/revisions"}],"predecessor-version":[{"id":30900,"href":"https:\/\/fundacionagrolibano.org\/en\/wp-json\/wp\/v2\/posts\/30898\/revisions\/30900"}],"wp:featuredmedia":[{"embeddable":true,"href":"https:\/\/fundacionagrolibano.org\/en\/wp-json\/wp\/v2\/media\/30899"}],"wp:attachment":[{"href":"https:\/\/fundacionagrolibano.org\/en\/wp-json\/wp\/v2\/media?parent=30898"}],"wp:term":[{"taxonomy":"category","embeddable":true,"href":"https:\/\/fundacionagrolibano.org\/en\/wp-json\/wp\/v2\/categories?post=30898"},{"taxonomy":"post_tag","embeddable":true,"href":"https:\/\/fundacionagrolibano.org\/en\/wp-json\/wp\/v2\/tags?post=30898"}],"curies":[{"name":"wp","href":"https:\/\/api.w.org\/{rel}","templated":true}]}}