{"id":30905,"date":"2025-06-19T00:09:00","date_gmt":"2025-06-19T00:09:00","guid":{"rendered":"https:\/\/www.fundacionagrolibano.org\/?p=30905"},"modified":"2025-07-19T00:13:21","modified_gmt":"2025-07-19T00:13:21","slug":"grupo-agrolibano-comparte-estrategia-de-sostenibilidad-y-buenas-practicas-con-fundacion-dan-cabral","status":"publish","type":"post","link":"https:\/\/fundacionagrolibano.org\/en\/grupo-agrolibano-comparte-estrategia-de-sostenibilidad-y-buenas-practicas-con-fundacion-dan-cabral\/","title":{"rendered":"Grupo Agrol\u00edbano shares sustainability strategy and best practices with foundation dan Cabral"},"content":{"rendered":"<p>On June 27, Grupo Agrol\u00edbano presented its sustainability strategy in a virtual meeting with Wise Responder and Fundaci\u00f3n Dan Cabral. During the session, the company shared the methodological approaches it has implemented to measure the Multidimensional Poverty Index, both within the organization and in the surrounding communities where it operates. The presentation aimed to share learnings and best practices that may serve as a reference for Fundaci\u00f3n Dan Cabral as they design and implement a similar initiative in Brazil. Through this type of knowledge exchange, Grupo Agrol\u00edbano reaffirms its commitment to reducing multidimensional poverty.<\/p>\n\n\n\n<p><\/p>","protected":false},"excerpt":{"rendered":"<p>El pasado 27 de junio, grupo Agrol\u00edbano present\u00f3 su estrategia de sostenibilidad en una reuni\u00f3n virtual con wise responder y la fundaci\u00f3n dan cabral. Durante el encuentro, se compartieron los enfoques metodol\u00f3gicos implementados por la empresa para la medici\u00f3n del \u00edndice de pobreza multidimensional, tanto en el entorno interno como en las comunidades donde opera. [&hellip;]<\/p>\n","protected":false},"author":4,"featured_media":30906,"comment_status":"open","ping_status":"open","sticky":false,"template":"","format":"standard","meta":{"footnotes":""},"categories":[3],"tags":[],"class_list":["post-30905","post","type-post","status-publish","format-standard","has-post-thumbnail","hentry","category-sala-de-prensa"],"_links":{"self":[{"href":"https:\/\/fundacionagrolibano.org\/en\/wp-json\/wp\/v2\/posts\/30905","targetHints":{"allow":["GET"]}}],"collection":[{"href":"https:\/\/fundacionagrolibano.org\/en\/wp-json\/wp\/v2\/posts"}],"about":[{"href":"https:\/\/fundacionagrolibano.org\/en\/wp-json\/wp\/v2\/types\/post"}],"author":[{"embeddable":true,"href":"https:\/\/fundacionagrolibano.org\/en\/wp-json\/wp\/v2\/users\/4"}],"replies":[{"embeddable":true,"href":"https:\/\/fundacionagrolibano.org\/en\/wp-json\/wp\/v2\/comments?post=30905"}],"version-history":[{"count":1,"href":"https:\/\/fundacionagrolibano.org\/en\/wp-json\/wp\/v2\/posts\/30905\/revisions"}],"predecessor-version":[{"id":30907,"href":"https:\/\/fundacionagrolibano.org\/en\/wp-json\/wp\/v2\/posts\/30905\/revisions\/30907"}],"wp:featuredmedia":[{"embeddable":true,"href":"https:\/\/fundacionagrolibano.org\/en\/wp-json\/wp\/v2\/media\/30906"}],"wp:attachment":[{"href":"https:\/\/fundacionagrolibano.org\/en\/wp-json\/wp\/v2\/media?parent=30905"}],"wp:term":[{"taxonomy":"category","embeddable":true,"href":"https:\/\/fundacionagrolibano.org\/en\/wp-json\/wp\/v2\/categories?post=30905"},{"taxonomy":"post_tag","embeddable":true,"href":"https:\/\/fundacionagrolibano.org\/en\/wp-json\/wp\/v2\/tags?post=30905"}],"curies":[{"name":"wp","href":"https:\/\/api.w.org\/{rel}","templated":true}]}}