{"id":30984,"date":"2025-07-19T22:29:00","date_gmt":"2025-07-19T22:29:00","guid":{"rendered":"https:\/\/www.fundacionagrolibano.org\/?p=30984"},"modified":"2025-08-19T22:34:33","modified_gmt":"2025-08-19T22:34:33","slug":"fundacion-agrolibano-acompana-a-el-espino-en-su-plan-de-desarrollo-comunitario","status":"publish","type":"post","link":"https:\/\/fundacionagrolibano.org\/en\/fundacion-agrolibano-acompana-a-el-espino-en-su-plan-de-desarrollo-comunitario\/","title":{"rendered":"Fundaci\u00f3n Agrol\u00edbano supports el espino in its community development plan"},"content":{"rendered":"<p>As part of the Conscious Leadership program, Fundaci\u00f3n Agrol\u00edbano is supporting the community of El Espino in updating its Comprehensive Community Development Plan. The process, led primarily by women and community organizations, addresses key issues such as land use planning, health and nutrition, education, risk management, access to safe water, environmental protection, food security, and sustainable tourism. This initiative strengthens local leadership and contributes to the achievement of SDGs #1, #5, #6, #11, #16, and #17, reaffirming Fundaci\u00f3n Agrol\u00edbano\u2019s commitment to building organized, resilient communities that take the lead in their own development. \nhttps:\/\/youtube.com\/shorts\/vmbQ4UgLTmc?si=OaEcz4ZwHohJ1c-1<\/p>\n\n\n\n<figure class=\"wp-block-embed is-type-video is-provider-youtube wp-block-embed-youtube wp-embed-aspect-9-16 wp-has-aspect-ratio\"><div class=\"wp-block-embed__wrapper\">\n<iframe title=\"TALLER DE DESAROLLO EL ESPINO\" width=\"563\" height=\"1000\" src=\"https:\/\/www.youtube.com\/embed\/vmbQ4UgLTmc?feature=oembed\" frameborder=\"0\" allow=\"accelerometer; autoplay; clipboard-write; encrypted-media; gyroscope; picture-in-picture; web-share\" referrerpolicy=\"strict-origin-when-cross-origin\" allowfullscreen><\/iframe>\n<\/div><\/figure>","protected":false},"excerpt":{"rendered":"<p>Como parte del programa Liderazgo Consciente, Fundaci\u00f3n Agrol\u00edbano acompa\u00f1a a la comunidad de El Espino en la actualizaci\u00f3n de su Plan de Desarrollo Integral Comunitario (PDIC). El proceso, liderado principalmente por mujeres y organizaciones comunitarias, aborda temas clave como ordenamiento territorial, salud y nutrici\u00f3n, educaci\u00f3n, gesti\u00f3n de riesgos, acceso a agua segura, protecci\u00f3n ambiental, seguridad [&hellip;]<\/p>\n","protected":false},"author":4,"featured_media":30985,"comment_status":"open","ping_status":"open","sticky":false,"template":"","format":"standard","meta":{"footnotes":""},"categories":[3],"tags":[],"class_list":["post-30984","post","type-post","status-publish","format-standard","has-post-thumbnail","hentry","category-sala-de-prensa"],"_links":{"self":[{"href":"https:\/\/fundacionagrolibano.org\/en\/wp-json\/wp\/v2\/posts\/30984","targetHints":{"allow":["GET"]}}],"collection":[{"href":"https:\/\/fundacionagrolibano.org\/en\/wp-json\/wp\/v2\/posts"}],"about":[{"href":"https:\/\/fundacionagrolibano.org\/en\/wp-json\/wp\/v2\/types\/post"}],"author":[{"embeddable":true,"href":"https:\/\/fundacionagrolibano.org\/en\/wp-json\/wp\/v2\/users\/4"}],"replies":[{"embeddable":true,"href":"https:\/\/fundacionagrolibano.org\/en\/wp-json\/wp\/v2\/comments?post=30984"}],"version-history":[{"count":1,"href":"https:\/\/fundacionagrolibano.org\/en\/wp-json\/wp\/v2\/posts\/30984\/revisions"}],"predecessor-version":[{"id":30986,"href":"https:\/\/fundacionagrolibano.org\/en\/wp-json\/wp\/v2\/posts\/30984\/revisions\/30986"}],"wp:featuredmedia":[{"embeddable":true,"href":"https:\/\/fundacionagrolibano.org\/en\/wp-json\/wp\/v2\/media\/30985"}],"wp:attachment":[{"href":"https:\/\/fundacionagrolibano.org\/en\/wp-json\/wp\/v2\/media?parent=30984"}],"wp:term":[{"taxonomy":"category","embeddable":true,"href":"https:\/\/fundacionagrolibano.org\/en\/wp-json\/wp\/v2\/categories?post=30984"},{"taxonomy":"post_tag","embeddable":true,"href":"https:\/\/fundacionagrolibano.org\/en\/wp-json\/wp\/v2\/tags?post=30984"}],"curies":[{"name":"wp","href":"https:\/\/api.w.org\/{rel}","templated":true}]}}