{"id":31143,"date":"2025-09-20T16:23:00","date_gmt":"2025-09-20T16:23:00","guid":{"rendered":"https:\/\/www.fundacionagrolibano.org\/?p=31143"},"modified":"2025-10-20T16:30:21","modified_gmt":"2025-10-20T16:30:21","slug":"fundacion-agrolibano-fortalece-la-educacion-secundaria-en-la-comunidad-de-el-porvenir","status":"publish","type":"post","link":"https:\/\/fundacionagrolibano.org\/en\/fundacion-agrolibano-fortalece-la-educacion-secundaria-en-la-comunidad-de-el-porvenir\/","title":{"rendered":"Fundaci\u00f3n Agrol\u00edbano strengthens secondary education in el porvenir community"},"content":{"rendered":"<p>In the community of El Porvenir, the alternative education center for middle and high school levels operates with the support of the Education for All Program, which strengthens community organization and school management. Through the EDUCATODOS methodology, students and families receive access to tutoring, textbooks, and opportunities for active participation, fostering community ownership and commitment to education. Currently, the center serves 40 students \u2014 72% of them women \u2014 and 13 high school and 4 ninth-grade students are expected to graduate this year. This initiative directly supports SDG 4: Quality Education, expanding learning opportunities and strengthening community educational development.\nhttps:\/\/youtube.com\/shorts\/zlmXGgFJxV4?si=hViDmoTff-0E3pza<\/p>\n\n\n\n<figure class=\"wp-block-embed is-type-video is-provider-youtube wp-block-embed-youtube wp-embed-aspect-9-16 wp-has-aspect-ratio\"><div class=\"wp-block-embed__wrapper\">\n<iframe title=\"EDUCACI\u00d3N PARA TODOS\" width=\"563\" height=\"1000\" src=\"https:\/\/www.youtube.com\/embed\/zlmXGgFJxV4?feature=oembed\" frameborder=\"0\" allow=\"accelerometer; autoplay; clipboard-write; encrypted-media; gyroscope; picture-in-picture; web-share\" referrerpolicy=\"strict-origin-when-cross-origin\" allowfullscreen><\/iframe>\n<\/div><\/figure>","protected":false},"excerpt":{"rendered":"<p>En la comunidad de El Porvenir, el centro alternativo de educaci\u00f3n para tercer ciclo y nivel de secundaria funciona con el acompa\u00f1amiento del Programa Educaci\u00f3n para Todos, que fortalece la organizaci\u00f3n comunitaria y la gesti\u00f3n del centro. A trav\u00e9s de la metodolog\u00eda EDUCATODOS, se brinda acceso a tutor\u00edas, entrega de libros y se fomenta la [&hellip;]<\/p>\n","protected":false},"author":4,"featured_media":31144,"comment_status":"open","ping_status":"open","sticky":false,"template":"","format":"standard","meta":{"footnotes":""},"categories":[3],"tags":[],"class_list":["post-31143","post","type-post","status-publish","format-standard","has-post-thumbnail","hentry","category-sala-de-prensa"],"_links":{"self":[{"href":"https:\/\/fundacionagrolibano.org\/en\/wp-json\/wp\/v2\/posts\/31143","targetHints":{"allow":["GET"]}}],"collection":[{"href":"https:\/\/fundacionagrolibano.org\/en\/wp-json\/wp\/v2\/posts"}],"about":[{"href":"https:\/\/fundacionagrolibano.org\/en\/wp-json\/wp\/v2\/types\/post"}],"author":[{"embeddable":true,"href":"https:\/\/fundacionagrolibano.org\/en\/wp-json\/wp\/v2\/users\/4"}],"replies":[{"embeddable":true,"href":"https:\/\/fundacionagrolibano.org\/en\/wp-json\/wp\/v2\/comments?post=31143"}],"version-history":[{"count":1,"href":"https:\/\/fundacionagrolibano.org\/en\/wp-json\/wp\/v2\/posts\/31143\/revisions"}],"predecessor-version":[{"id":31145,"href":"https:\/\/fundacionagrolibano.org\/en\/wp-json\/wp\/v2\/posts\/31143\/revisions\/31145"}],"wp:featuredmedia":[{"embeddable":true,"href":"https:\/\/fundacionagrolibano.org\/en\/wp-json\/wp\/v2\/media\/31144"}],"wp:attachment":[{"href":"https:\/\/fundacionagrolibano.org\/en\/wp-json\/wp\/v2\/media?parent=31143"}],"wp:term":[{"taxonomy":"category","embeddable":true,"href":"https:\/\/fundacionagrolibano.org\/en\/wp-json\/wp\/v2\/categories?post=31143"},{"taxonomy":"post_tag","embeddable":true,"href":"https:\/\/fundacionagrolibano.org\/en\/wp-json\/wp\/v2\/tags?post=31143"}],"curies":[{"name":"wp","href":"https:\/\/api.w.org\/{rel}","templated":true}]}}