{"id":31149,"date":"2025-09-20T16:41:00","date_gmt":"2025-09-20T16:41:00","guid":{"rendered":"https:\/\/www.fundacionagrolibano.org\/?p=31149"},"modified":"2025-10-20T16:44:46","modified_gmt":"2025-10-20T16:44:46","slug":"fundacion-agrolibano-siembra-futuro-desde-la-primera-infancia-con-paipi","status":"publish","type":"post","link":"https:\/\/fundacionagrolibano.org\/en\/fundacion-agrolibano-siembra-futuro-desde-la-primera-infancia-con-paipi\/","title":{"rendered":"Fundaci\u00f3n Agrol\u00edbano cultivates a healthy future from early childhood with PAIPI PROGRAM"},"content":{"rendered":"<p>Committed to promoting child health and development from the earliest years, Fundaci\u00f3n Agrol\u00edbano held training sessions under the PAIPI program with mothers and caregivers in Tamarindo, Agua Agria No. 2, El Porvenir, and Santa Cruz. During these sessions, 34 participants \u2014 including volunteers and mothers \u2014 learned to fortify food with practical, affordable, and nutritious recipes under the motto \u201cFeeding with love and nutrition for a healthy future.\u201d The workshops also reinforced knowledge on child growth and development, identified fortified foods available in the community, and raised awareness about their importance in preventing micronutrient deficiencies, directly contributing to SDGs 2, 3, and 4 and building a healthier and brighter future for children.<\/p>","protected":false},"excerpt":{"rendered":"<p>Con el compromiso de promover el bienestar y desarrollo infantil desde los primeros a\u00f1os, Fundaci\u00f3n Agrol\u00edbano llev\u00f3 a cabo jornadas de capacitaci\u00f3n del programa PAIPI con madres y cuidadores en las comunidades de Tamarindo, Agua Agria N\u00b02, El Porvenir y Santa Cruz. En estas sesiones, 34 participantes entre voluntariado y madres aprendieron a fortificar alimentos [&hellip;]<\/p>\n","protected":false},"author":4,"featured_media":31150,"comment_status":"open","ping_status":"open","sticky":false,"template":"","format":"standard","meta":{"footnotes":""},"categories":[3],"tags":[],"class_list":["post-31149","post","type-post","status-publish","format-standard","has-post-thumbnail","hentry","category-sala-de-prensa"],"_links":{"self":[{"href":"https:\/\/fundacionagrolibano.org\/en\/wp-json\/wp\/v2\/posts\/31149","targetHints":{"allow":["GET"]}}],"collection":[{"href":"https:\/\/fundacionagrolibano.org\/en\/wp-json\/wp\/v2\/posts"}],"about":[{"href":"https:\/\/fundacionagrolibano.org\/en\/wp-json\/wp\/v2\/types\/post"}],"author":[{"embeddable":true,"href":"https:\/\/fundacionagrolibano.org\/en\/wp-json\/wp\/v2\/users\/4"}],"replies":[{"embeddable":true,"href":"https:\/\/fundacionagrolibano.org\/en\/wp-json\/wp\/v2\/comments?post=31149"}],"version-history":[{"count":1,"href":"https:\/\/fundacionagrolibano.org\/en\/wp-json\/wp\/v2\/posts\/31149\/revisions"}],"predecessor-version":[{"id":31151,"href":"https:\/\/fundacionagrolibano.org\/en\/wp-json\/wp\/v2\/posts\/31149\/revisions\/31151"}],"wp:featuredmedia":[{"embeddable":true,"href":"https:\/\/fundacionagrolibano.org\/en\/wp-json\/wp\/v2\/media\/31150"}],"wp:attachment":[{"href":"https:\/\/fundacionagrolibano.org\/en\/wp-json\/wp\/v2\/media?parent=31149"}],"wp:term":[{"taxonomy":"category","embeddable":true,"href":"https:\/\/fundacionagrolibano.org\/en\/wp-json\/wp\/v2\/categories?post=31149"},{"taxonomy":"post_tag","embeddable":true,"href":"https:\/\/fundacionagrolibano.org\/en\/wp-json\/wp\/v2\/tags?post=31149"}],"curies":[{"name":"wp","href":"https:\/\/api.w.org\/{rel}","templated":true}]}}