{"id":31176,"date":"2025-10-22T16:17:00","date_gmt":"2025-10-22T16:17:00","guid":{"rendered":"https:\/\/fundacionagrolibano.org\/?p=31176"},"modified":"2025-11-22T16:20:06","modified_gmt":"2025-11-22T16:20:06","slug":"fundacion-agrolibano-fortalece-capacidades-para-una-agricultura-sostenible","status":"publish","type":"post","link":"https:\/\/fundacionagrolibano.org\/en\/fundacion-agrolibano-fortalece-capacidades-para-una-agricultura-sostenible\/","title":{"rendered":"FUNDACI\u00d3N AGROL\u00cdBANO builds capacities for sustainable agriculture"},"content":{"rendered":"<p>The Foundation completed a series of practical workshops and technical support sessions for 111 producers (67 women and 44 men) from southern Honduras. Participants received training in bocashi fertilizers, biofertilizers, foliar applications, soil preparation, sowing, harvesting and post harvest practices. Sessions took place in Nacaome and Choluteca, blending traditional knowledge with sustainable practices to improve staple grain production and adapt to climate change. The process was supported by the Ministry of Agriculture and Livestock, local Field Schools, Caja Rural, and the Community Grain Bank in El Papal\u00f3n. With these actions, the Foundation contributes to SDGs 2, 3, 13 and 17, promoting a more resilient and welfare-oriented agriculture.<\/p>","protected":false},"excerpt":{"rendered":"<p>Fundaci\u00f3n Agrol\u00edbano concluy\u00f3 un ciclo de talleres pr\u00e1cticos y acompa\u00f1amiento t\u00e9cnico con 111 productores (67 mujeres y 44 hombres) de comunidades del sur de Honduras, quienes se capacitaron en la elaboraci\u00f3n de abonos bocashi, biofertilizantes, foliares, y en pr\u00e1cticas de preparaci\u00f3n de suelos, siembra, cosecha y postcosecha. Las jornadas se desarrollaron en comunidades de Nacaome [&hellip;]<\/p>\n","protected":false},"author":4,"featured_media":31177,"comment_status":"open","ping_status":"open","sticky":false,"template":"","format":"standard","meta":{"footnotes":""},"categories":[3],"tags":[],"class_list":["post-31176","post","type-post","status-publish","format-standard","has-post-thumbnail","hentry","category-sala-de-prensa"],"_links":{"self":[{"href":"https:\/\/fundacionagrolibano.org\/en\/wp-json\/wp\/v2\/posts\/31176","targetHints":{"allow":["GET"]}}],"collection":[{"href":"https:\/\/fundacionagrolibano.org\/en\/wp-json\/wp\/v2\/posts"}],"about":[{"href":"https:\/\/fundacionagrolibano.org\/en\/wp-json\/wp\/v2\/types\/post"}],"author":[{"embeddable":true,"href":"https:\/\/fundacionagrolibano.org\/en\/wp-json\/wp\/v2\/users\/4"}],"replies":[{"embeddable":true,"href":"https:\/\/fundacionagrolibano.org\/en\/wp-json\/wp\/v2\/comments?post=31176"}],"version-history":[{"count":1,"href":"https:\/\/fundacionagrolibano.org\/en\/wp-json\/wp\/v2\/posts\/31176\/revisions"}],"predecessor-version":[{"id":31178,"href":"https:\/\/fundacionagrolibano.org\/en\/wp-json\/wp\/v2\/posts\/31176\/revisions\/31178"}],"wp:featuredmedia":[{"embeddable":true,"href":"https:\/\/fundacionagrolibano.org\/en\/wp-json\/wp\/v2\/media\/31177"}],"wp:attachment":[{"href":"https:\/\/fundacionagrolibano.org\/en\/wp-json\/wp\/v2\/media?parent=31176"}],"wp:term":[{"taxonomy":"category","embeddable":true,"href":"https:\/\/fundacionagrolibano.org\/en\/wp-json\/wp\/v2\/categories?post=31176"},{"taxonomy":"post_tag","embeddable":true,"href":"https:\/\/fundacionagrolibano.org\/en\/wp-json\/wp\/v2\/tags?post=31176"}],"curies":[{"name":"wp","href":"https:\/\/api.w.org\/{rel}","templated":true}]}}