{"id":31179,"date":"2025-10-22T16:23:00","date_gmt":"2025-10-22T16:23:00","guid":{"rendered":"https:\/\/fundacionagrolibano.org\/?p=31179"},"modified":"2025-11-22T16:26:58","modified_gmt":"2025-11-22T16:26:58","slug":"fundacion-agrolibano-promueve-una-cultura-de-paz-desde-las-aulas","status":"publish","type":"post","link":"https:\/\/fundacionagrolibano.org\/en\/fundacion-agrolibano-promueve-una-cultura-de-paz-desde-las-aulas\/","title":{"rendered":"FUNDACI\u00d3N AGROL\u00cdBANO promotes a culture of peace from within the classroom"},"content":{"rendered":"<p>Through the Juntos por la Educaci\u00f3n program, the Foundation conducted Peace Culture Promotion sessions in six schools across Agua Agria, El Porvenir, El Corpus, San Agust\u00edn, Namasig\u00fce and Tamarindo Apacilagua. Students, teachers and families participated in learning activities, artistic expression and collaborative games that strengthened values of respect, empathy and solidarity. Activities included murals with messages of harmony, cultural performances and traditional games that foster teamwork and peaceful coexistence. Through these initiatives, Fundaci\u00f3n Agrol\u00edbano reaffirms its commitment to values-based education and the construction of fair, inclusive and peaceful communities.<\/p>","protected":false},"excerpt":{"rendered":"<p>En el marco del programa Juntos por la Educaci\u00f3n, Fundaci\u00f3n Agrol\u00edbano desarroll\u00f3 jornadas de Promoci\u00f3n de la Cultura de Paz en seis centros educativos de Agua Agria, Porvenir, El Corpus, San Agust\u00edn, Namasig\u00fce y Tamarindo Apacilagua. Estudiantes, docentes y familias participaron en espacios de aprendizaje, arte y convivencia que fortalecieron valores de respeto, empat\u00eda y [&hellip;]<\/p>\n","protected":false},"author":4,"featured_media":31180,"comment_status":"open","ping_status":"open","sticky":false,"template":"","format":"standard","meta":{"footnotes":""},"categories":[3],"tags":[],"class_list":["post-31179","post","type-post","status-publish","format-standard","has-post-thumbnail","hentry","category-sala-de-prensa"],"_links":{"self":[{"href":"https:\/\/fundacionagrolibano.org\/en\/wp-json\/wp\/v2\/posts\/31179","targetHints":{"allow":["GET"]}}],"collection":[{"href":"https:\/\/fundacionagrolibano.org\/en\/wp-json\/wp\/v2\/posts"}],"about":[{"href":"https:\/\/fundacionagrolibano.org\/en\/wp-json\/wp\/v2\/types\/post"}],"author":[{"embeddable":true,"href":"https:\/\/fundacionagrolibano.org\/en\/wp-json\/wp\/v2\/users\/4"}],"replies":[{"embeddable":true,"href":"https:\/\/fundacionagrolibano.org\/en\/wp-json\/wp\/v2\/comments?post=31179"}],"version-history":[{"count":1,"href":"https:\/\/fundacionagrolibano.org\/en\/wp-json\/wp\/v2\/posts\/31179\/revisions"}],"predecessor-version":[{"id":31181,"href":"https:\/\/fundacionagrolibano.org\/en\/wp-json\/wp\/v2\/posts\/31179\/revisions\/31181"}],"wp:featuredmedia":[{"embeddable":true,"href":"https:\/\/fundacionagrolibano.org\/en\/wp-json\/wp\/v2\/media\/31180"}],"wp:attachment":[{"href":"https:\/\/fundacionagrolibano.org\/en\/wp-json\/wp\/v2\/media?parent=31179"}],"wp:term":[{"taxonomy":"category","embeddable":true,"href":"https:\/\/fundacionagrolibano.org\/en\/wp-json\/wp\/v2\/categories?post=31179"},{"taxonomy":"post_tag","embeddable":true,"href":"https:\/\/fundacionagrolibano.org\/en\/wp-json\/wp\/v2\/tags?post=31179"}],"curies":[{"name":"wp","href":"https:\/\/api.w.org\/{rel}","templated":true}]}}