{"id":31217,"date":"2025-11-30T14:24:00","date_gmt":"2025-11-30T14:24:00","guid":{"rendered":"https:\/\/fundacionagrolibano.org\/?p=31217"},"modified":"2025-12-30T14:34:26","modified_gmt":"2025-12-30T14:34:26","slug":"fundacion-agrolibano-e-incae-firman-alianza-para-impulsar-el-liderazgo-femenino","status":"publish","type":"post","link":"https:\/\/fundacionagrolibano.org\/en\/fundacion-agrolibano-e-incae-firman-alianza-para-impulsar-el-liderazgo-femenino\/","title":{"rendered":"FUNDACI\u00d3N AGROL\u00cdBANO and INCAE sign alliance to advance women\u2019s leadership"},"content":{"rendered":"<p>Fundaci\u00f3n Agrol\u00edbano and INCAE Business School formalized a cooperation agreement to strengthen entrepreneurial and leadership capacities among Honduran women through the Empresarias Progresando (EMPRO) program. Fundaci\u00f3n Agrol\u00edbano will support participant outreach and selection, provide in-person and virtual spaces for program activities, and contribute financial resources for the training of 40 women entrepreneurs. INCAE, through its Center for Inclusive and Sustainable Leadership, will integrate Fundaci\u00f3n Agrol\u00edbano as a strategic partner in training processes, virtual forums, and communication materials.<\/p>","protected":false},"excerpt":{"rendered":"<p>Fundaci\u00f3n Agrol\u00edbano e INCAE Business School formalizaron un convenio de cooperaci\u00f3n para impulsar el desarrollo de capacidades empresariales y de liderazgo en mujeres hondure\u00f1as a trav\u00e9s del programa Empresarias Progresando (EMPRO). Fundaci\u00f3n Agrol\u00edbano apoyar\u00e1 la convocatoria y selecci\u00f3n de participantes, facilitar\u00e1 espacios presenciales y virtuales para las actividades del programa y aportar\u00e1 recursos econ\u00f3micos para [&hellip;]<\/p>\n","protected":false},"author":4,"featured_media":31218,"comment_status":"open","ping_status":"open","sticky":false,"template":"","format":"standard","meta":{"footnotes":""},"categories":[],"tags":[],"class_list":["post-31217","post","type-post","status-publish","format-standard","has-post-thumbnail","hentry"],"_links":{"self":[{"href":"https:\/\/fundacionagrolibano.org\/en\/wp-json\/wp\/v2\/posts\/31217","targetHints":{"allow":["GET"]}}],"collection":[{"href":"https:\/\/fundacionagrolibano.org\/en\/wp-json\/wp\/v2\/posts"}],"about":[{"href":"https:\/\/fundacionagrolibano.org\/en\/wp-json\/wp\/v2\/types\/post"}],"author":[{"embeddable":true,"href":"https:\/\/fundacionagrolibano.org\/en\/wp-json\/wp\/v2\/users\/4"}],"replies":[{"embeddable":true,"href":"https:\/\/fundacionagrolibano.org\/en\/wp-json\/wp\/v2\/comments?post=31217"}],"version-history":[{"count":1,"href":"https:\/\/fundacionagrolibano.org\/en\/wp-json\/wp\/v2\/posts\/31217\/revisions"}],"predecessor-version":[{"id":31219,"href":"https:\/\/fundacionagrolibano.org\/en\/wp-json\/wp\/v2\/posts\/31217\/revisions\/31219"}],"wp:featuredmedia":[{"embeddable":true,"href":"https:\/\/fundacionagrolibano.org\/en\/wp-json\/wp\/v2\/media\/31218"}],"wp:attachment":[{"href":"https:\/\/fundacionagrolibano.org\/en\/wp-json\/wp\/v2\/media?parent=31217"}],"wp:term":[{"taxonomy":"category","embeddable":true,"href":"https:\/\/fundacionagrolibano.org\/en\/wp-json\/wp\/v2\/categories?post=31217"},{"taxonomy":"post_tag","embeddable":true,"href":"https:\/\/fundacionagrolibano.org\/en\/wp-json\/wp\/v2\/tags?post=31217"}],"curies":[{"name":"wp","href":"https:\/\/api.w.org\/{rel}","templated":true}]}}