{"id":621,"date":"2022-03-15T17:53:26","date_gmt":"2022-03-15T17:53:26","guid":{"rendered":"http:\/\/www.fundacionagrolibano2.org\/?p=621"},"modified":"2024-10-28T21:50:57","modified_gmt":"2024-10-28T21:50:57","slug":"fundacion-agrolibano-fortalece-implementacion-de-programas","status":"publish","type":"post","link":"https:\/\/fundacionagrolibano.org\/en\/fundacion-agrolibano-fortalece-implementacion-de-programas\/","title":{"rendered":"Agrol\u00edbano Foundation strengthens implementation of programs"},"content":{"rendered":"<p>With the challenges of carrying out field work in the context of two years of pandemic, Fundaci\u00f3n Agrol\u00edbano has managed to implement its programs with the involvement of the main local actors: volunteers, target groups, community organizations.<\/p>\n\n\n\n<p>Through the video we share, we invite you to learn about the main actions of the programs from the perspective of the protagonists in the communities: Comprehensive care for early childhood, Healthy families, 5 Star Schools, Educational alternatives for socially excluded groups and Strengthening citizen participation for peace and development.<\/p>\n\n\n\n<figure class=\"wp-block-embed is-type-video is-provider-youtube wp-block-embed-youtube wp-embed-aspect-16-9 wp-has-aspect-ratio\"><div class=\"wp-block-embed__wrapper\">\n<iframe title=\"FUNDACION AGROLIBANO  - PRESENTACION PREMIO HALLBARS   int\" width=\"1140\" height=\"641\" src=\"https:\/\/www.youtube.com\/embed\/W7u9e_-cHx4?feature=oembed\" frameborder=\"0\" allow=\"accelerometer; autoplay; clipboard-write; encrypted-media; gyroscope; picture-in-picture; web-share\" referrerpolicy=\"strict-origin-when-cross-origin\" allowfullscreen><\/iframe>\n<\/div><\/figure>","protected":false},"excerpt":{"rendered":"<p>Con los desaf\u00edos que implica realizar el trabajo de campo en un contexto de dos a\u00f1os de pandemia, Fundaci\u00f3n Agrol\u00edbano ha logrado implementar sus programas con el involucramiento de los principales actores locales: voluntariado, grupos meta, organizaciones comunitarias. A trav\u00e9s del video que compartimos te invitamos a conocer, desde la perspectiva de los protagonistas en [&hellip;]<\/p>\n","protected":false},"author":4,"featured_media":28114,"comment_status":"open","ping_status":"open","sticky":false,"template":"","format":"standard","meta":{"footnotes":""},"categories":[3],"tags":[],"class_list":["post-621","post","type-post","status-publish","format-standard","has-post-thumbnail","hentry","category-sala-de-prensa"],"_links":{"self":[{"href":"https:\/\/fundacionagrolibano.org\/en\/wp-json\/wp\/v2\/posts\/621","targetHints":{"allow":["GET"]}}],"collection":[{"href":"https:\/\/fundacionagrolibano.org\/en\/wp-json\/wp\/v2\/posts"}],"about":[{"href":"https:\/\/fundacionagrolibano.org\/en\/wp-json\/wp\/v2\/types\/post"}],"author":[{"embeddable":true,"href":"https:\/\/fundacionagrolibano.org\/en\/wp-json\/wp\/v2\/users\/4"}],"replies":[{"embeddable":true,"href":"https:\/\/fundacionagrolibano.org\/en\/wp-json\/wp\/v2\/comments?post=621"}],"version-history":[{"count":6,"href":"https:\/\/fundacionagrolibano.org\/en\/wp-json\/wp\/v2\/posts\/621\/revisions"}],"predecessor-version":[{"id":28115,"href":"https:\/\/fundacionagrolibano.org\/en\/wp-json\/wp\/v2\/posts\/621\/revisions\/28115"}],"wp:featuredmedia":[{"embeddable":true,"href":"https:\/\/fundacionagrolibano.org\/en\/wp-json\/wp\/v2\/media\/28114"}],"wp:attachment":[{"href":"https:\/\/fundacionagrolibano.org\/en\/wp-json\/wp\/v2\/media?parent=621"}],"wp:term":[{"taxonomy":"category","embeddable":true,"href":"https:\/\/fundacionagrolibano.org\/en\/wp-json\/wp\/v2\/categories?post=621"},{"taxonomy":"post_tag","embeddable":true,"href":"https:\/\/fundacionagrolibano.org\/en\/wp-json\/wp\/v2\/tags?post=621"}],"curies":[{"name":"wp","href":"https:\/\/api.w.org\/{rel}","templated":true}]}}