{"id":674,"date":"2022-03-29T15:42:03","date_gmt":"2022-03-29T15:42:03","guid":{"rendered":"https:\/\/www.fundacionagrolibano2.org\/?p=674"},"modified":"2024-10-28T21:52:48","modified_gmt":"2024-10-28T21:52:48","slug":"inicia-proyecto-de-construccion-de-viviendas-a-15-familias-en-la-comunidad-de-altos-del-estiquirin","status":"publish","type":"post","link":"https:\/\/fundacionagrolibano.org\/en\/inicia-proyecto-de-construccion-de-viviendas-a-15-familias-en-la-comunidad-de-altos-del-estiquirin\/","title":{"rendered":"Housing construction project begins for 15 families in the Altos del Estiquir\u00edn community."},"content":{"rendered":"<p>Within the framework of the inter-institutional, social, technical and legal cooperation agreement signed by the National Commission for Housing and Human Settlements (CONVIVIENDA), Fundaci\u00f3n Agrol\u00edbano and H\u00e1bitat para la Humanidad, the construction of 15 homes began, benefiting 15 families in vulnerable conditions in the community of Altos de Estiquir\u00edn, municipality of Nacaome in the department of Valle, as part of the actions of the Healthy Families Program promoted by Fundaci\u00f3n Agrol\u00edbano to contribute to the reduction of multidimensional poverty deprivations in the southern zone.<\/p>\n\n\n\n<p>The execution of this important project contributes to the goals of SDGs #1, #11 and #17, by contributing to access to housing, promoting resilience and peaceful environments in alliance to achieve the objectives.<\/p>","protected":false},"excerpt":{"rendered":"<p>En el marco del convenio de cooperaci\u00f3n interinstitucional, social, t\u00e9cnica y legal firmado entre la Comisi\u00f3n Nacional de Vivienda y Asentamientos Humanos (CONVIVIENDA), Fundaci\u00f3n Agrol\u00edbano y H\u00e1bitat para la Humanidad, se inici\u00f3 la construcci\u00f3n de 15 viviendas que benefician a 15 familias en condici\u00f3n de vulnerabilidad en la comunidad de Altos de Estiquir\u00edn, municipio de [&hellip;]<\/p>\n","protected":false},"author":4,"featured_media":1592,"comment_status":"open","ping_status":"open","sticky":false,"template":"","format":"standard","meta":{"footnotes":""},"categories":[3],"tags":[],"class_list":["post-674","post","type-post","status-publish","format-standard","has-post-thumbnail","hentry","category-sala-de-prensa"],"_links":{"self":[{"href":"https:\/\/fundacionagrolibano.org\/en\/wp-json\/wp\/v2\/posts\/674","targetHints":{"allow":["GET"]}}],"collection":[{"href":"https:\/\/fundacionagrolibano.org\/en\/wp-json\/wp\/v2\/posts"}],"about":[{"href":"https:\/\/fundacionagrolibano.org\/en\/wp-json\/wp\/v2\/types\/post"}],"author":[{"embeddable":true,"href":"https:\/\/fundacionagrolibano.org\/en\/wp-json\/wp\/v2\/users\/4"}],"replies":[{"embeddable":true,"href":"https:\/\/fundacionagrolibano.org\/en\/wp-json\/wp\/v2\/comments?post=674"}],"version-history":[{"count":3,"href":"https:\/\/fundacionagrolibano.org\/en\/wp-json\/wp\/v2\/posts\/674\/revisions"}],"predecessor-version":[{"id":28120,"href":"https:\/\/fundacionagrolibano.org\/en\/wp-json\/wp\/v2\/posts\/674\/revisions\/28120"}],"wp:featuredmedia":[{"embeddable":true,"href":"https:\/\/fundacionagrolibano.org\/en\/wp-json\/wp\/v2\/media\/1592"}],"wp:attachment":[{"href":"https:\/\/fundacionagrolibano.org\/en\/wp-json\/wp\/v2\/media?parent=674"}],"wp:term":[{"taxonomy":"category","embeddable":true,"href":"https:\/\/fundacionagrolibano.org\/en\/wp-json\/wp\/v2\/categories?post=674"},{"taxonomy":"post_tag","embeddable":true,"href":"https:\/\/fundacionagrolibano.org\/en\/wp-json\/wp\/v2\/tags?post=674"}],"curies":[{"name":"wp","href":"https:\/\/api.w.org\/{rel}","templated":true}]}}