{"id":776,"date":"2022-04-30T20:06:20","date_gmt":"2022-04-30T20:06:20","guid":{"rendered":"https:\/\/www.fundacionagrolibano2.org\/?p=776"},"modified":"2024-10-29T17:57:30","modified_gmt":"2024-10-29T17:57:30","slug":"capacitacion-a-2-juntas-de-agua-de-la-comunidad-de-san-jeronimo","status":"publish","type":"post","link":"https:\/\/fundacionagrolibano.org\/en\/capacitacion-a-2-juntas-de-agua-de-la-comunidad-de-san-jeronimo\/","title":{"rendered":"Training for 2 water boards in the community of San Jer\u00f3nimo"},"content":{"rendered":"<p>The communities of Papal\u00f3n and Placitas, determined to implement nutritional surveillance for children aged 0 to 5 years in their community, are participating in the training process carried out by Fundaci\u00f3n Agrol\u00edbano for volunteers who will carry out this initiative, which will directly benefit some 40 families and indirectly benefit 103 families in these communities.<\/p>\n\n\n\n<p>Ten volunteers from three communities that are part of the coverage area of \u200b\u200bthe Comprehensive Early Childhood Care Program - PAIPI, implemented by Fundaci\u00f3n Agrol\u00edbano, are participating in the training process, with the aim of contributing to the comprehensive development of children under 6 years of age, promoting factors related to human rights, education, health and nutrition, which favor their growth and development, with the participation of the family, school and community.<\/p>\n\n\n\n<p>This contributes to SDGs 1, 2, 3, 4, 16 and 17 by helping to reduce deprivations linked to multidimensional poverty, preventing child malnutrition, promoting child well-being, promoting learning opportunities, peaceful societies and the establishment of alliances to achieve the objectives.<\/p>","protected":false},"excerpt":{"rendered":"<p>Las comunidades de Papal\u00f3n y Placitas, decididas a implementar en su comunidad la vigilancia nutricional a ni\u00f1as y ni\u00f1os de 0 a 5 a\u00f1os, participan en el proceso de capacitaci\u00f3n que realiza Fundaci\u00f3n Agrol\u00edbano a personas voluntarias que llevar\u00e1n a cabo esta iniciativa, la cual beneficiar\u00e1 directamente a unas 40 familias e indirectamente a 103 [&hellip;]<\/p>\n","protected":false},"author":4,"featured_media":1592,"comment_status":"open","ping_status":"open","sticky":false,"template":"","format":"standard","meta":{"footnotes":""},"categories":[3],"tags":[],"class_list":["post-776","post","type-post","status-publish","format-standard","has-post-thumbnail","hentry","category-sala-de-prensa"],"_links":{"self":[{"href":"https:\/\/fundacionagrolibano.org\/en\/wp-json\/wp\/v2\/posts\/776","targetHints":{"allow":["GET"]}}],"collection":[{"href":"https:\/\/fundacionagrolibano.org\/en\/wp-json\/wp\/v2\/posts"}],"about":[{"href":"https:\/\/fundacionagrolibano.org\/en\/wp-json\/wp\/v2\/types\/post"}],"author":[{"embeddable":true,"href":"https:\/\/fundacionagrolibano.org\/en\/wp-json\/wp\/v2\/users\/4"}],"replies":[{"embeddable":true,"href":"https:\/\/fundacionagrolibano.org\/en\/wp-json\/wp\/v2\/comments?post=776"}],"version-history":[{"count":3,"href":"https:\/\/fundacionagrolibano.org\/en\/wp-json\/wp\/v2\/posts\/776\/revisions"}],"predecessor-version":[{"id":28130,"href":"https:\/\/fundacionagrolibano.org\/en\/wp-json\/wp\/v2\/posts\/776\/revisions\/28130"}],"wp:featuredmedia":[{"embeddable":true,"href":"https:\/\/fundacionagrolibano.org\/en\/wp-json\/wp\/v2\/media\/1592"}],"wp:attachment":[{"href":"https:\/\/fundacionagrolibano.org\/en\/wp-json\/wp\/v2\/media?parent=776"}],"wp:term":[{"taxonomy":"category","embeddable":true,"href":"https:\/\/fundacionagrolibano.org\/en\/wp-json\/wp\/v2\/categories?post=776"},{"taxonomy":"post_tag","embeddable":true,"href":"https:\/\/fundacionagrolibano.org\/en\/wp-json\/wp\/v2\/tags?post=776"}],"curies":[{"name":"wp","href":"https:\/\/api.w.org\/{rel}","templated":true}]}}