{"id":778,"date":"2022-04-30T20:26:48","date_gmt":"2022-04-30T20:26:48","guid":{"rendered":"https:\/\/www.fundacionagrolibano2.org\/?p=778"},"modified":"2024-10-29T17:58:04","modified_gmt":"2024-10-29T17:58:04","slug":"fundacion-agrolibano-comparte-con-autoridades-en-el-departamento-de-choluteca-sobre-su-actuar-en-beneficio-de-los-mas-vulnerables","status":"publish","type":"post","link":"https:\/\/fundacionagrolibano.org\/en\/fundacion-agrolibano-comparte-con-autoridades-en-el-departamento-de-choluteca-sobre-su-actuar-en-beneficio-de-los-mas-vulnerables\/","title":{"rendered":"Agrol\u00edbano Foundation shares with authorities in the department of Choluteca about its actions for the benefit of the most vulnerable"},"content":{"rendered":"<p>In order to share with the new municipal authorities the programs implemented by the Agrol\u00edbano Foundation in the Southern Zone of Honduras, meetings were held with mayors Luis Andr\u00e9s Rueda of El Corpus, Jos\u00e9 Garc\u00eda of Namasig\u00fce and Carlos Mart\u00ednez of Apacilagua on Wednesday, April 27.<\/p>\n\n\n\n<p>The mayors participated in the meetings with their respective technical teams and some members of the municipal corporation, as well as the technical team of Fundaci\u00f3n Agrol\u00edbano. These approaches strengthen alliances for the sustainable development of communities, thus contributing to the goals of SDG 17.<\/p>","protected":false},"excerpt":{"rendered":"<p>Con el objetivo de compartir con las nuevas autoridades municipales los programas que implementa Fundaci\u00f3n Agrol\u00edbano en la Zona Sur de Honduras, se realizaron reuniones con los alcaldes Luis Andr\u00e9s Rueda de El Corpus, Jos\u00e9 Garc\u00eda de Namasig\u00fce y Carlos Mart\u00ednez de Apacilagua el mi\u00e9rcoles 27 de abril. En las reuniones participaron los alcaldes con [&hellip;]<\/p>\n","protected":false},"author":4,"featured_media":1597,"comment_status":"open","ping_status":"open","sticky":false,"template":"","format":"standard","meta":{"footnotes":""},"categories":[3],"tags":[],"class_list":["post-778","post","type-post","status-publish","format-standard","has-post-thumbnail","hentry","category-sala-de-prensa"],"_links":{"self":[{"href":"https:\/\/fundacionagrolibano.org\/en\/wp-json\/wp\/v2\/posts\/778","targetHints":{"allow":["GET"]}}],"collection":[{"href":"https:\/\/fundacionagrolibano.org\/en\/wp-json\/wp\/v2\/posts"}],"about":[{"href":"https:\/\/fundacionagrolibano.org\/en\/wp-json\/wp\/v2\/types\/post"}],"author":[{"embeddable":true,"href":"https:\/\/fundacionagrolibano.org\/en\/wp-json\/wp\/v2\/users\/4"}],"replies":[{"embeddable":true,"href":"https:\/\/fundacionagrolibano.org\/en\/wp-json\/wp\/v2\/comments?post=778"}],"version-history":[{"count":3,"href":"https:\/\/fundacionagrolibano.org\/en\/wp-json\/wp\/v2\/posts\/778\/revisions"}],"predecessor-version":[{"id":28131,"href":"https:\/\/fundacionagrolibano.org\/en\/wp-json\/wp\/v2\/posts\/778\/revisions\/28131"}],"wp:featuredmedia":[{"embeddable":true,"href":"https:\/\/fundacionagrolibano.org\/en\/wp-json\/wp\/v2\/media\/1597"}],"wp:attachment":[{"href":"https:\/\/fundacionagrolibano.org\/en\/wp-json\/wp\/v2\/media?parent=778"}],"wp:term":[{"taxonomy":"category","embeddable":true,"href":"https:\/\/fundacionagrolibano.org\/en\/wp-json\/wp\/v2\/categories?post=778"},{"taxonomy":"post_tag","embeddable":true,"href":"https:\/\/fundacionagrolibano.org\/en\/wp-json\/wp\/v2\/tags?post=778"}],"curies":[{"name":"wp","href":"https:\/\/api.w.org\/{rel}","templated":true}]}}