{"id":799,"date":"2022-06-27T21:33:14","date_gmt":"2022-06-27T21:33:14","guid":{"rendered":"https:\/\/www.fundacionagrolibano2.org\/?p=799"},"modified":"2024-10-29T18:04:27","modified_gmt":"2024-10-29T18:04:27","slug":"inauguracion-de-modulos-sanitarios-en-el-centro-educativo-adolfo-lopez-canales","status":"publish","type":"post","link":"https:\/\/fundacionagrolibano.org\/en\/inauguracion-de-modulos-sanitarios-en-el-centro-educativo-adolfo-lopez-canales\/","title":{"rendered":"Inauguration of Sanitary Modules at the Adolfo L\u00f3pez Canales Educational Center"},"content":{"rendered":"<p>The health infrastructure project was inaugurated at the Adolfo L\u00f3pez Canales Educational Center and the Community Center for Child Development in the Altos de Estiquir\u00edn community. This project was made possible thanks to the participation and contributions of valuable allies such as Honduras Outreach Inc., the educational community and the volunteers of the Comprehensive Care Program for Early Childhood and the Agrol\u00edbano Foundation.<\/p>\n\n\n\n<p>This project will benefit students at the educational center and children under 5 years of age who attend early stimulation and nutritional monitoring sessions that are held monthly at the Community Child Care Center, which contributes to the health and well-being of children with the participation of multiple stakeholders, thus contributing to SDGs 3, 4, 16 and 17.<\/p>\n\n\n\n<figure class=\"wp-block-embed is-type-video is-provider-youtube wp-block-embed-youtube wp-embed-aspect-16-9 wp-has-aspect-ratio\"><div class=\"wp-block-embed__wrapper\">\n<iframe title=\"Inauguration of Sanitary Modules at the Adolfo L\u00f3pez Canales Educational Center\" width=\"1140\" height=\"641\" src=\"https:\/\/www.youtube.com\/embed\/tXmyht7yPR0?feature=oembed\" frameborder=\"0\" allow=\"accelerometer; autoplay; clipboard-write; encrypted-media; gyroscope; picture-in-picture; web-share\" referrerpolicy=\"strict-origin-when-cross-origin\" allowfullscreen><\/iframe>\n<\/div><\/figure>","protected":false},"excerpt":{"rendered":"<p>Se inaugur\u00f3 la obra de infraestructura sanitaria en el Centro Educativo Adolfo L\u00f3pez Canales y el Centro Comunitario de Atenci\u00f3n al Desarrollo de la Ni\u00f1ez en la comunidad de Altos de Estiquir\u00edn, proyecto ha sido posible gracias a la participaci\u00f3n y aportes de valiosos aliados como Honduras Outreach Inc. , la comunidad educativa y el [&hellip;]<\/p>\n","protected":false},"author":4,"featured_media":28138,"comment_status":"open","ping_status":"open","sticky":false,"template":"","format":"standard","meta":{"footnotes":""},"categories":[3],"tags":[],"class_list":["post-799","post","type-post","status-publish","format-standard","has-post-thumbnail","hentry","category-sala-de-prensa"],"_links":{"self":[{"href":"https:\/\/fundacionagrolibano.org\/en\/wp-json\/wp\/v2\/posts\/799","targetHints":{"allow":["GET"]}}],"collection":[{"href":"https:\/\/fundacionagrolibano.org\/en\/wp-json\/wp\/v2\/posts"}],"about":[{"href":"https:\/\/fundacionagrolibano.org\/en\/wp-json\/wp\/v2\/types\/post"}],"author":[{"embeddable":true,"href":"https:\/\/fundacionagrolibano.org\/en\/wp-json\/wp\/v2\/users\/4"}],"replies":[{"embeddable":true,"href":"https:\/\/fundacionagrolibano.org\/en\/wp-json\/wp\/v2\/comments?post=799"}],"version-history":[{"count":6,"href":"https:\/\/fundacionagrolibano.org\/en\/wp-json\/wp\/v2\/posts\/799\/revisions"}],"predecessor-version":[{"id":28139,"href":"https:\/\/fundacionagrolibano.org\/en\/wp-json\/wp\/v2\/posts\/799\/revisions\/28139"}],"wp:featuredmedia":[{"embeddable":true,"href":"https:\/\/fundacionagrolibano.org\/en\/wp-json\/wp\/v2\/media\/28138"}],"wp:attachment":[{"href":"https:\/\/fundacionagrolibano.org\/en\/wp-json\/wp\/v2\/media?parent=799"}],"wp:term":[{"taxonomy":"category","embeddable":true,"href":"https:\/\/fundacionagrolibano.org\/en\/wp-json\/wp\/v2\/categories?post=799"},{"taxonomy":"post_tag","embeddable":true,"href":"https:\/\/fundacionagrolibano.org\/en\/wp-json\/wp\/v2\/tags?post=799"}],"curies":[{"name":"wp","href":"https:\/\/api.w.org\/{rel}","templated":true}]}}