{"id":804,"date":"2022-06-29T21:39:22","date_gmt":"2022-06-29T21:39:22","guid":{"rendered":"https:\/\/www.fundacionagrolibano2.org\/?p=804"},"modified":"2024-10-29T18:05:30","modified_gmt":"2024-10-29T18:05:30","slug":"como-parte-del-plan-de-accion-comunitario-a-favor-de-la-salud-se-logro-realizar-una-vez-mas-la-campana-de-prevencion-del-dengue-del-ano-2022-en-18-comunidades-de-valle-y-choluteca-con-la-integracion","status":"publish","type":"post","link":"https:\/\/fundacionagrolibano.org\/en\/como-parte-del-plan-de-accion-comunitario-a-favor-de-la-salud-se-logro-realizar-una-vez-mas-la-campana-de-prevencion-del-dengue-del-ano-2022-en-18-comunidades-de-valle-y-choluteca-con-la-integracion\/","title":{"rendered":"Implementation of integrated actions for the prevention of dengue"},"content":{"rendered":"<p>As part of the community action plan for health, the 2022 Dengue prevention campaign was once again carried out in 18 communities in Valle and Choluteca with the integration of living forces, health personnel, support from Finca Santa Rosa de Agrol\u00edbano and accompaniment from Fundaci\u00f3n Agrol\u00edbano, benefiting more than 1,100 families with educational talks, community clean-up operations, destruction of breeding sites, fumigation and application of larvicides. Thus contributing to the goals of SDGs #3, #4 and #17.<\/p>\n\n\n\n<figure class=\"wp-block-embed is-type-video is-provider-youtube wp-block-embed-youtube wp-embed-aspect-16-9 wp-has-aspect-ratio\"><div class=\"wp-block-embed__wrapper\">\n<iframe title=\"Implementation of integrated actions for the prevention of dengue\" width=\"1140\" height=\"641\" src=\"https:\/\/www.youtube.com\/embed\/Tu4eW91Brj8?feature=oembed\" frameborder=\"0\" allow=\"accelerometer; autoplay; clipboard-write; encrypted-media; gyroscope; picture-in-picture; web-share\" referrerpolicy=\"strict-origin-when-cross-origin\" allowfullscreen><\/iframe>\n<\/div><\/figure>","protected":false},"excerpt":{"rendered":"<p>Como parte del plan de acci\u00f3n comunitario a favor de la salud se logr\u00f3 realizar una vez m\u00e1s la campa\u00f1a de prevenci\u00f3n del Dengue del a\u00f1o 2022, en 18 comunidades de Valle y Choluteca con la integraci\u00f3n las fuerzas vivas, personal de salud, apoyo de Finca Santa Rosa de Agrol\u00edbano y acompa\u00f1amiento de Fundaci\u00f3n Agrol\u00edbano, [&hellip;]<\/p>\n","protected":false},"author":4,"featured_media":28140,"comment_status":"open","ping_status":"open","sticky":false,"template":"","format":"standard","meta":{"footnotes":""},"categories":[3],"tags":[],"class_list":["post-804","post","type-post","status-publish","format-standard","has-post-thumbnail","hentry","category-sala-de-prensa"],"_links":{"self":[{"href":"https:\/\/fundacionagrolibano.org\/en\/wp-json\/wp\/v2\/posts\/804","targetHints":{"allow":["GET"]}}],"collection":[{"href":"https:\/\/fundacionagrolibano.org\/en\/wp-json\/wp\/v2\/posts"}],"about":[{"href":"https:\/\/fundacionagrolibano.org\/en\/wp-json\/wp\/v2\/types\/post"}],"author":[{"embeddable":true,"href":"https:\/\/fundacionagrolibano.org\/en\/wp-json\/wp\/v2\/users\/4"}],"replies":[{"embeddable":true,"href":"https:\/\/fundacionagrolibano.org\/en\/wp-json\/wp\/v2\/comments?post=804"}],"version-history":[{"count":6,"href":"https:\/\/fundacionagrolibano.org\/en\/wp-json\/wp\/v2\/posts\/804\/revisions"}],"predecessor-version":[{"id":28142,"href":"https:\/\/fundacionagrolibano.org\/en\/wp-json\/wp\/v2\/posts\/804\/revisions\/28142"}],"wp:featuredmedia":[{"embeddable":true,"href":"https:\/\/fundacionagrolibano.org\/en\/wp-json\/wp\/v2\/media\/28140"}],"wp:attachment":[{"href":"https:\/\/fundacionagrolibano.org\/en\/wp-json\/wp\/v2\/media?parent=804"}],"wp:term":[{"taxonomy":"category","embeddable":true,"href":"https:\/\/fundacionagrolibano.org\/en\/wp-json\/wp\/v2\/categories?post=804"},{"taxonomy":"post_tag","embeddable":true,"href":"https:\/\/fundacionagrolibano.org\/en\/wp-json\/wp\/v2\/tags?post=804"}],"curies":[{"name":"wp","href":"https:\/\/api.w.org\/{rel}","templated":true}]}}