{"id":860,"date":"2022-10-29T04:36:12","date_gmt":"2022-10-29T04:36:12","guid":{"rendered":"https:\/\/www.fundacionagrolibano2.org\/?p=860"},"modified":"2024-10-29T18:16:30","modified_gmt":"2024-10-29T18:16:30","slug":"productores-en-valle-y-choluteca-fortalecen-sus-capacidades","status":"publish","type":"post","link":"https:\/\/fundacionagrolibano.org\/en\/productores-en-valle-y-choluteca-fortalecen-sus-capacidades\/","title":{"rendered":"Producers in Valle and Choluteca strengthen their capacities"},"content":{"rendered":"<p>The skills of 247 producers from 6 communities and members of micro-basin organizations in Baja de Nacaome, Namasig\u00fce and Calaire in the departments of Valle and Choluteca continue to be strengthened through training processes on topics of pest and disease management in basic grains, use and processing of infiltration ditches and the impact of climate change on water resources.<\/p>\n\n\n\n<p>All these actions are part of the action strategies of the Healthy Families program executed by Fundaci\u00f3n Agrol\u00edbano linked to the project Conservation and protection of water resources, linked to 3 micro-basins, Baja de Nacaome, Namasig\u00fce and Calaire in the departments of Valle and Choluteca, with the support of the Territorial Water Governance Program in Region 13 Gulf of Fonseca and the technical and financial support of the Swiss Agency for Development and Cooperation \u2013<\/p>\n\n\n\n<p>COSUDE. Thus contributing to the achievement of Sustainable Development Goals 2, 3, 15 and 17.<\/p>\n\n\n\n<figure class=\"wp-block-embed is-type-video is-provider-youtube wp-block-embed-youtube wp-embed-aspect-16-9 wp-has-aspect-ratio\"><div class=\"wp-block-embed__wrapper\">\n<iframe title=\"Conservaci\u00f3n y protecci\u00f3n del recurso h\u00eddrico, vinculado a 3 microcuencas,  en Valle y Choluteca\" width=\"1140\" height=\"641\" src=\"https:\/\/www.youtube.com\/embed\/qcxkton3yhs?feature=oembed\" frameborder=\"0\" allow=\"accelerometer; autoplay; clipboard-write; encrypted-media; gyroscope; picture-in-picture; web-share\" referrerpolicy=\"strict-origin-when-cross-origin\" allowfullscreen><\/iframe>\n<\/div><\/figure>","protected":false},"excerpt":{"rendered":"<p>Se contin\u00faan fortaleciendo las habilidades de 247 productores de 6 comunidades e integrantes de organismos de microcuencas de Baja de Nacaome, Namasig\u00fce y Calaire en los departamentos de Valle y Choluteca , a trav\u00e9s de los procesos de capacitaci\u00f3n en temas de manejo plagas y enfermedades en granos b\u00e1sicos, uso y beneficio de zanjas de [&hellip;]<\/p>\n","protected":false},"author":4,"featured_media":28163,"comment_status":"open","ping_status":"open","sticky":false,"template":"","format":"standard","meta":{"footnotes":""},"categories":[3],"tags":[],"class_list":["post-860","post","type-post","status-publish","format-standard","has-post-thumbnail","hentry","category-sala-de-prensa"],"_links":{"self":[{"href":"https:\/\/fundacionagrolibano.org\/en\/wp-json\/wp\/v2\/posts\/860","targetHints":{"allow":["GET"]}}],"collection":[{"href":"https:\/\/fundacionagrolibano.org\/en\/wp-json\/wp\/v2\/posts"}],"about":[{"href":"https:\/\/fundacionagrolibano.org\/en\/wp-json\/wp\/v2\/types\/post"}],"author":[{"embeddable":true,"href":"https:\/\/fundacionagrolibano.org\/en\/wp-json\/wp\/v2\/users\/4"}],"replies":[{"embeddable":true,"href":"https:\/\/fundacionagrolibano.org\/en\/wp-json\/wp\/v2\/comments?post=860"}],"version-history":[{"count":4,"href":"https:\/\/fundacionagrolibano.org\/en\/wp-json\/wp\/v2\/posts\/860\/revisions"}],"predecessor-version":[{"id":28164,"href":"https:\/\/fundacionagrolibano.org\/en\/wp-json\/wp\/v2\/posts\/860\/revisions\/28164"}],"wp:featuredmedia":[{"embeddable":true,"href":"https:\/\/fundacionagrolibano.org\/en\/wp-json\/wp\/v2\/media\/28163"}],"wp:attachment":[{"href":"https:\/\/fundacionagrolibano.org\/en\/wp-json\/wp\/v2\/media?parent=860"}],"wp:term":[{"taxonomy":"category","embeddable":true,"href":"https:\/\/fundacionagrolibano.org\/en\/wp-json\/wp\/v2\/categories?post=860"},{"taxonomy":"post_tag","embeddable":true,"href":"https:\/\/fundacionagrolibano.org\/en\/wp-json\/wp\/v2\/tags?post=860"}],"curies":[{"name":"wp","href":"https:\/\/api.w.org\/{rel}","templated":true}]}}