{"id":886,"date":"2022-10-31T18:48:37","date_gmt":"2022-10-31T18:48:37","guid":{"rendered":"https:\/\/www.fundacionagrolibano2.org\/?p=886"},"modified":"2024-10-29T18:17:22","modified_gmt":"2024-10-29T18:17:22","slug":"agrolibano-concluye-proceso-de-formacion-para-fortalecer-la-estrategia-de-sostenibilidad","status":"publish","type":"post","link":"https:\/\/fundacionagrolibano.org\/en\/agrolibano-concluye-proceso-de-formacion-para-fortalecer-la-estrategia-de-sostenibilidad\/","title":{"rendered":"Agrol\u00edbano concludes training process to strengthen sustainability strategy"},"content":{"rendered":"<p>With the participation of 34 participants, 26 men and 8 women, in the 4th workshop \u201cCommunication and Sustainability\u201d, the training process \u201cSustainability: Strategy and Management\u201d was concluded, which Agrol\u00edbano developed through 4 workshops with a total of 24 hours of training.<\/p>\n\n\n\n<p>The training is part of a process aimed at strengthening the company's sustainability strategy, and has advanced in tandem with stakeholder mapping, materiality, impact and significance analysis, and consultation with interest groups as a basis for continuing the process with the construction of the strategic plan. The process is led by Roxana V\u00edquez, an international expert in sustainability, and has been attended by decision-makers from the Board of Directors, Management Committee, and second-line decision-making executives.<\/p>\n\n\n\n<figure class=\"wp-block-embed is-type-video is-provider-youtube wp-block-embed-youtube wp-embed-aspect-16-9 wp-has-aspect-ratio\"><div class=\"wp-block-embed__wrapper\">\n<iframe title=\"Estrategia de Sostenibilidad Agrol\u00edbano\" width=\"1140\" height=\"641\" src=\"https:\/\/www.youtube.com\/embed\/bXYNqj-MYTk?feature=oembed\" frameborder=\"0\" allow=\"accelerometer; autoplay; clipboard-write; encrypted-media; gyroscope; picture-in-picture; web-share\" referrerpolicy=\"strict-origin-when-cross-origin\" allowfullscreen><\/iframe>\n<\/div><\/figure>","protected":false},"excerpt":{"rendered":"<p>Con la participaci\u00f3n de 34 participantes, 26 hombres y 8 mujeres, en el 4to taller \u201cComunicaci\u00f3n y Sostenibilidad\u201d, concluy\u00f3 el proceso de formaci\u00f3n \u201cSostenibilidad: Estrategia y Gesti\u00f3n\u201d, que desarroll\u00f3 Agrol\u00edbano a trav\u00e9s de 4 talleres con un total de 24 horas de formaci\u00f3n. La capacitaci\u00f3n es parte de un proceso encaminado a fortalecer la estrategia [&hellip;]<\/p>\n","protected":false},"author":4,"featured_media":28166,"comment_status":"open","ping_status":"open","sticky":false,"template":"","format":"standard","meta":{"footnotes":""},"categories":[3],"tags":[],"class_list":["post-886","post","type-post","status-publish","format-standard","has-post-thumbnail","hentry","category-sala-de-prensa"],"_links":{"self":[{"href":"https:\/\/fundacionagrolibano.org\/en\/wp-json\/wp\/v2\/posts\/886","targetHints":{"allow":["GET"]}}],"collection":[{"href":"https:\/\/fundacionagrolibano.org\/en\/wp-json\/wp\/v2\/posts"}],"about":[{"href":"https:\/\/fundacionagrolibano.org\/en\/wp-json\/wp\/v2\/types\/post"}],"author":[{"embeddable":true,"href":"https:\/\/fundacionagrolibano.org\/en\/wp-json\/wp\/v2\/users\/4"}],"replies":[{"embeddable":true,"href":"https:\/\/fundacionagrolibano.org\/en\/wp-json\/wp\/v2\/comments?post=886"}],"version-history":[{"count":4,"href":"https:\/\/fundacionagrolibano.org\/en\/wp-json\/wp\/v2\/posts\/886\/revisions"}],"predecessor-version":[{"id":28167,"href":"https:\/\/fundacionagrolibano.org\/en\/wp-json\/wp\/v2\/posts\/886\/revisions\/28167"}],"wp:featuredmedia":[{"embeddable":true,"href":"https:\/\/fundacionagrolibano.org\/en\/wp-json\/wp\/v2\/media\/28166"}],"wp:attachment":[{"href":"https:\/\/fundacionagrolibano.org\/en\/wp-json\/wp\/v2\/media?parent=886"}],"wp:term":[{"taxonomy":"category","embeddable":true,"href":"https:\/\/fundacionagrolibano.org\/en\/wp-json\/wp\/v2\/categories?post=886"},{"taxonomy":"post_tag","embeddable":true,"href":"https:\/\/fundacionagrolibano.org\/en\/wp-json\/wp\/v2\/tags?post=886"}],"curies":[{"name":"wp","href":"https:\/\/api.w.org\/{rel}","templated":true}]}}