{"id":908,"date":"2022-11-29T17:06:34","date_gmt":"2022-11-29T17:06:34","guid":{"rendered":"http:\/\/www.fundacionagrolibano2.org\/?p=908"},"modified":"2024-10-29T18:22:18","modified_gmt":"2024-10-29T18:22:18","slug":"avanza-estrategia-de-alfabetizacion-en-comunidades-de-cobertura-de-fundacion-agrolibano","status":"publish","type":"post","link":"https:\/\/fundacionagrolibano.org\/en\/avanza-estrategia-de-alfabetizacion-en-comunidades-de-cobertura-de-fundacion-agrolibano\/","title":{"rendered":"Literacy strategy advances in communities covered by the Agrol\u00edbano Foundation"},"content":{"rendered":"<p>The implementation of the Education Access Program for Socially Excluded Groups implemented by Fundaci\u00f3n Agrol\u00edbano aims to \"Provide training opportunities with alternative modalities for populations excluded from education, prioritizing pre-basic, basic and vocational technical levels\", for which literacy and school leveling processes are currently being implemented with 31 participating people in 3 communities with the support of community leaders and staff from Educational Centers.<\/p>\n\n\n\n<p>Participants have improved their reading, writing and basic arithmetic skills, thus contributing to Sustainable Development Goals #4, 16 and 17.<\/p>\n\n\n\n<figure class=\"wp-block-embed is-type-video is-provider-youtube wp-block-embed-youtube wp-embed-aspect-16-9 wp-has-aspect-ratio\"><div class=\"wp-block-embed__wrapper\">\n<iframe title=\"Literacy strategy advances in communities covered by the Agrol\u00edbano Foundation\" width=\"1140\" height=\"641\" src=\"https:\/\/www.youtube.com\/embed\/ta6WxqDS7nk?feature=oembed\" frameborder=\"0\" allow=\"accelerometer; autoplay; clipboard-write; encrypted-media; gyroscope; picture-in-picture; web-share\" referrerpolicy=\"strict-origin-when-cross-origin\" allowfullscreen><\/iframe>\n<\/div><\/figure>","protected":false},"excerpt":{"rendered":"<p>La implementaci\u00f3n del Programa de Acceso a Educaci\u00f3n a Grupos en Exclusi\u00f3n Social que implementa Fundaci\u00f3n Agrol\u00edbano tiene como objetivo \u201cFacilitar oportunidades de formaci\u00f3n con modalidades alternativas a poblaci\u00f3n en exclusi\u00f3n de educaci\u00f3n priorizando los niveles de pre-b\u00e1sica, b\u00e1sica y t\u00e9cnica vocacional\u201d, para lo cual se implementan actualmente procesos de alfabetizaci\u00f3n y nivelaci\u00f3n escolar con [&hellip;]<\/p>\n","protected":false},"author":4,"featured_media":28179,"comment_status":"open","ping_status":"open","sticky":false,"template":"","format":"standard","meta":{"footnotes":""},"categories":[3],"tags":[],"class_list":["post-908","post","type-post","status-publish","format-standard","has-post-thumbnail","hentry","category-sala-de-prensa"],"_links":{"self":[{"href":"https:\/\/fundacionagrolibano.org\/en\/wp-json\/wp\/v2\/posts\/908","targetHints":{"allow":["GET"]}}],"collection":[{"href":"https:\/\/fundacionagrolibano.org\/en\/wp-json\/wp\/v2\/posts"}],"about":[{"href":"https:\/\/fundacionagrolibano.org\/en\/wp-json\/wp\/v2\/types\/post"}],"author":[{"embeddable":true,"href":"https:\/\/fundacionagrolibano.org\/en\/wp-json\/wp\/v2\/users\/4"}],"replies":[{"embeddable":true,"href":"https:\/\/fundacionagrolibano.org\/en\/wp-json\/wp\/v2\/comments?post=908"}],"version-history":[{"count":5,"href":"https:\/\/fundacionagrolibano.org\/en\/wp-json\/wp\/v2\/posts\/908\/revisions"}],"predecessor-version":[{"id":28181,"href":"https:\/\/fundacionagrolibano.org\/en\/wp-json\/wp\/v2\/posts\/908\/revisions\/28181"}],"wp:featuredmedia":[{"embeddable":true,"href":"https:\/\/fundacionagrolibano.org\/en\/wp-json\/wp\/v2\/media\/28179"}],"wp:attachment":[{"href":"https:\/\/fundacionagrolibano.org\/en\/wp-json\/wp\/v2\/media?parent=908"}],"wp:term":[{"taxonomy":"category","embeddable":true,"href":"https:\/\/fundacionagrolibano.org\/en\/wp-json\/wp\/v2\/categories?post=908"},{"taxonomy":"post_tag","embeddable":true,"href":"https:\/\/fundacionagrolibano.org\/en\/wp-json\/wp\/v2\/tags?post=908"}],"curies":[{"name":"wp","href":"https:\/\/api.w.org\/{rel}","templated":true}]}}