{"id":917,"date":"2022-11-30T17:51:05","date_gmt":"2022-11-30T17:51:05","guid":{"rendered":"http:\/\/www.fundacionagrolibano2.org\/?p=917"},"modified":"2024-10-29T18:23:11","modified_gmt":"2024-10-29T18:23:11","slug":"integrantes-de-microcuenca-baja-grande-de-nacaome-se-empoderan-de-sus-roles-a-favor-de-la-conservacion-del-medio-ambiente","status":"publish","type":"post","link":"https:\/\/fundacionagrolibano.org\/en\/integrantes-de-microcuenca-baja-grande-de-nacaome-se-empoderan-de-sus-roles-a-favor-de-la-conservacion-del-medio-ambiente\/","title":{"rendered":"Members of the Baja Grande de Nacaome Microbasin take ownership of their roles in favor of environmental conservation."},"content":{"rendered":"<p>The training process for capacity building for members of the Baja Grande de Nacaome micro-basin committee has concluded. In 20 hours, topics of basic sanitation, environmental legislation and parliamentary norms were addressed. This process contributes to empowering them in the application of their internal regulations, the functions of representatives and to implement action plans that link local actors taking into account the environmental impact, especially on water resources.<\/p>\n\n\n\n<p>This action is part of the project \u201cConservation and protection of water resources, linked to 3 micro-basins: Namasig\u00fce in the municipality of Namasig\u00fce, Calaire in El Corpus in Choluteca and Baja Grande de Nacaome, in Valle\u201d, implemented by Fundaci\u00f3n Agrol\u00edbano with the support of the Territorial Water Governance Program in Region 13 Gulf of Fonseca and the technical and financial support of the Swiss Agency for Development and Cooperation \u2013 COSUDE, contributing to SDGs #6, 15, 16, and 17.<\/p>\n\n\n\n<figure class=\"wp-block-embed is-type-video is-provider-youtube wp-block-embed-youtube wp-embed-aspect-16-9 wp-has-aspect-ratio\"><div class=\"wp-block-embed__wrapper\">\n<iframe title=\"Integrantes de Microcuenca Baja Grande de Nacaome, se empoderan sobre el cuidado del medio ambiente.\" width=\"1140\" height=\"641\" src=\"https:\/\/www.youtube.com\/embed\/ZuqsVVP6vvI?feature=oembed\" frameborder=\"0\" allow=\"accelerometer; autoplay; clipboard-write; encrypted-media; gyroscope; picture-in-picture; web-share\" referrerpolicy=\"strict-origin-when-cross-origin\" allowfullscreen><\/iframe>\n<\/div><\/figure>","protected":false},"excerpt":{"rendered":"<p>Concluye proceso de formaci\u00f3n para el fortalecimiento de capacidades a integrantes del Comit\u00e9 de microcuenca Baja Grande de Nacaome, donde en 20 horas se abord\u00f3 temas de saneamiento b\u00e1sico, legislaci\u00f3n ambiental y normas parlamentarias. Este proceso contribuye a empoderarles en la aplicaci\u00f3n de su reglamento interno, las funciones de los representantes y para implementar planes [&hellip;]<\/p>\n","protected":false},"author":4,"featured_media":28182,"comment_status":"open","ping_status":"open","sticky":false,"template":"","format":"standard","meta":{"footnotes":""},"categories":[3],"tags":[],"class_list":["post-917","post","type-post","status-publish","format-standard","has-post-thumbnail","hentry","category-sala-de-prensa"],"_links":{"self":[{"href":"https:\/\/fundacionagrolibano.org\/en\/wp-json\/wp\/v2\/posts\/917","targetHints":{"allow":["GET"]}}],"collection":[{"href":"https:\/\/fundacionagrolibano.org\/en\/wp-json\/wp\/v2\/posts"}],"about":[{"href":"https:\/\/fundacionagrolibano.org\/en\/wp-json\/wp\/v2\/types\/post"}],"author":[{"embeddable":true,"href":"https:\/\/fundacionagrolibano.org\/en\/wp-json\/wp\/v2\/users\/4"}],"replies":[{"embeddable":true,"href":"https:\/\/fundacionagrolibano.org\/en\/wp-json\/wp\/v2\/comments?post=917"}],"version-history":[{"count":3,"href":"https:\/\/fundacionagrolibano.org\/en\/wp-json\/wp\/v2\/posts\/917\/revisions"}],"predecessor-version":[{"id":28183,"href":"https:\/\/fundacionagrolibano.org\/en\/wp-json\/wp\/v2\/posts\/917\/revisions\/28183"}],"wp:featuredmedia":[{"embeddable":true,"href":"https:\/\/fundacionagrolibano.org\/en\/wp-json\/wp\/v2\/media\/28182"}],"wp:attachment":[{"href":"https:\/\/fundacionagrolibano.org\/en\/wp-json\/wp\/v2\/media?parent=917"}],"wp:term":[{"taxonomy":"category","embeddable":true,"href":"https:\/\/fundacionagrolibano.org\/en\/wp-json\/wp\/v2\/categories?post=917"},{"taxonomy":"post_tag","embeddable":true,"href":"https:\/\/fundacionagrolibano.org\/en\/wp-json\/wp\/v2\/tags?post=917"}],"curies":[{"name":"wp","href":"https:\/\/api.w.org\/{rel}","templated":true}]}}