{"id":920,"date":"2022-12-16T17:58:03","date_gmt":"2022-12-16T17:58:03","guid":{"rendered":"http:\/\/www.fundacionagrolibano2.org\/?p=920"},"modified":"2024-10-29T18:24:14","modified_gmt":"2024-10-29T18:24:14","slug":"lideres-comunitarios-fortalecen-su-liderazgo-y-capacidad-de-gestion","status":"publish","type":"post","link":"https:\/\/fundacionagrolibano.org\/en\/lideres-comunitarios-fortalecen-su-liderazgo-y-capacidad-de-gestion\/","title":{"rendered":"Community leaders strengthen their leadership and management skills"},"content":{"rendered":"<p>The Agrol\u00edbano Foundation, within the framework of the Program to Strengthen Citizen Participation for Peace and Development, is supporting 5 communities in strengthening the implementation of their comprehensive development plans, through 61 hours of training in which 98 leaders from different organizational structures participated.<\/p>\n\n\n\n<p>Thus contributing to the achievement of Sustainable Development Goals 5, 16 and 17 by helping to eradicate poverty, promoting inclusion and resilience to contribute to prosperity, in partnerships between multiple stakeholders as established in the 2030 agenda.<\/p>\n\n\n\n<figure class=\"wp-block-embed is-type-video is-provider-youtube wp-block-embed-youtube wp-embed-aspect-16-9 wp-has-aspect-ratio\"><div class=\"wp-block-embed__wrapper\">\n<iframe title=\"Comunidades Fortaleciendo Su Liderazgo y Capacidad De Gesti\u00f3n\" width=\"1140\" height=\"641\" src=\"https:\/\/www.youtube.com\/embed\/T08Yv0HEHQI?feature=oembed\" frameborder=\"0\" allow=\"accelerometer; autoplay; clipboard-write; encrypted-media; gyroscope; picture-in-picture; web-share\" referrerpolicy=\"strict-origin-when-cross-origin\" allowfullscreen><\/iframe>\n<\/div><\/figure>","protected":false},"excerpt":{"rendered":"<p>Fundaci\u00f3n Agrol\u00edbano, en el marco del Programa de Fortalecimiento a la Participaci\u00f3n Ciudadana para la Paz y el Desarrollo, est\u00e1 acompa\u00f1ando a 5 comunidades en el fortalecimiento de la implementaci\u00f3n de sus planes de desarrollo integral, a trav\u00e9s de 61 horas de formaci\u00f3n con la participaron 98 l\u00edderes que integran las diferentes estructuras organizativas. Contribuyendo [&hellip;]<\/p>\n","protected":false},"author":4,"featured_media":28184,"comment_status":"open","ping_status":"open","sticky":false,"template":"","format":"standard","meta":{"footnotes":""},"categories":[3],"tags":[],"class_list":["post-920","post","type-post","status-publish","format-standard","has-post-thumbnail","hentry","category-sala-de-prensa"],"_links":{"self":[{"href":"https:\/\/fundacionagrolibano.org\/en\/wp-json\/wp\/v2\/posts\/920","targetHints":{"allow":["GET"]}}],"collection":[{"href":"https:\/\/fundacionagrolibano.org\/en\/wp-json\/wp\/v2\/posts"}],"about":[{"href":"https:\/\/fundacionagrolibano.org\/en\/wp-json\/wp\/v2\/types\/post"}],"author":[{"embeddable":true,"href":"https:\/\/fundacionagrolibano.org\/en\/wp-json\/wp\/v2\/users\/4"}],"replies":[{"embeddable":true,"href":"https:\/\/fundacionagrolibano.org\/en\/wp-json\/wp\/v2\/comments?post=920"}],"version-history":[{"count":3,"href":"https:\/\/fundacionagrolibano.org\/en\/wp-json\/wp\/v2\/posts\/920\/revisions"}],"predecessor-version":[{"id":28185,"href":"https:\/\/fundacionagrolibano.org\/en\/wp-json\/wp\/v2\/posts\/920\/revisions\/28185"}],"wp:featuredmedia":[{"embeddable":true,"href":"https:\/\/fundacionagrolibano.org\/en\/wp-json\/wp\/v2\/media\/28184"}],"wp:attachment":[{"href":"https:\/\/fundacionagrolibano.org\/en\/wp-json\/wp\/v2\/media?parent=920"}],"wp:term":[{"taxonomy":"category","embeddable":true,"href":"https:\/\/fundacionagrolibano.org\/en\/wp-json\/wp\/v2\/categories?post=920"},{"taxonomy":"post_tag","embeddable":true,"href":"https:\/\/fundacionagrolibano.org\/en\/wp-json\/wp\/v2\/tags?post=920"}],"curies":[{"name":"wp","href":"https:\/\/api.w.org\/{rel}","templated":true}]}}