{"id":923,"date":"2022-12-22T19:10:22","date_gmt":"2022-12-22T19:10:22","guid":{"rendered":"http:\/\/www.fundacionagrolibano2.org\/?p=923"},"modified":"2024-10-29T18:25:22","modified_gmt":"2024-10-29T18:25:22","slug":"lideres-y-voluntariado-comunitario-de-18-comunidades-comparten-experiencias-en-el-dia-internacional-del-voluntariado","status":"publish","type":"post","link":"https:\/\/fundacionagrolibano.org\/en\/lideres-y-voluntariado-comunitario-de-18-comunidades-comparten-experiencias-en-el-dia-internacional-del-voluntariado\/","title":{"rendered":"Community leaders and volunteers from 18 communities share experiences on International Volunteer Day."},"content":{"rendered":"<p>In order to improve living conditions in the community, inclusive and proactive participation in self-management of community development based on a culture of peace and environmental sustainability is vital.<\/p>\n\n\n\n<p>A total of 165 volunteer leaders, 78% of them women in the 18 communities, share their experiences of the service they provide in their community, to replicate good practices, reflect on lessons learned from the processes developed in their communities, thus contributing to the achievement of the SDGs in terms of global goals to eradicate poverty, protect the planet and ensure prosperity for all as established by the 2030 agenda.<\/p>\n\n\n\n<figure class=\"wp-block-embed is-type-video is-provider-youtube wp-block-embed-youtube wp-embed-aspect-16-9 wp-has-aspect-ratio\"><div class=\"wp-block-embed__wrapper\">\n<iframe title=\"L\u00edderes comunitarios comparten experiencias en el d\u00eda internacional del Voluntariado.\" width=\"1140\" height=\"641\" src=\"https:\/\/www.youtube.com\/embed\/6qVW-62BdyQ?feature=oembed\" frameborder=\"0\" allow=\"accelerometer; autoplay; clipboard-write; encrypted-media; gyroscope; picture-in-picture; web-share\" referrerpolicy=\"strict-origin-when-cross-origin\" allowfullscreen><\/iframe>\n<\/div><\/figure>","protected":false},"excerpt":{"rendered":"<p>Para mejorar las condiciones de vida en la comunidad es vital la participaci\u00f3n inclusiva y proactiva en la autogesti\u00f3n del desarrollo comunitario con base en una cultura de paz y sostenibilidad ambiental. Un total de 165 personas l\u00edderes voluntarios, 78% de ellas mujeres en las 18 comunidades, comparten sus experiencias del servicio que prestan en [&hellip;]<\/p>\n","protected":false},"author":4,"featured_media":28187,"comment_status":"open","ping_status":"open","sticky":false,"template":"","format":"standard","meta":{"footnotes":""},"categories":[3],"tags":[],"class_list":["post-923","post","type-post","status-publish","format-standard","has-post-thumbnail","hentry","category-sala-de-prensa"],"_links":{"self":[{"href":"https:\/\/fundacionagrolibano.org\/en\/wp-json\/wp\/v2\/posts\/923","targetHints":{"allow":["GET"]}}],"collection":[{"href":"https:\/\/fundacionagrolibano.org\/en\/wp-json\/wp\/v2\/posts"}],"about":[{"href":"https:\/\/fundacionagrolibano.org\/en\/wp-json\/wp\/v2\/types\/post"}],"author":[{"embeddable":true,"href":"https:\/\/fundacionagrolibano.org\/en\/wp-json\/wp\/v2\/users\/4"}],"replies":[{"embeddable":true,"href":"https:\/\/fundacionagrolibano.org\/en\/wp-json\/wp\/v2\/comments?post=923"}],"version-history":[{"count":4,"href":"https:\/\/fundacionagrolibano.org\/en\/wp-json\/wp\/v2\/posts\/923\/revisions"}],"predecessor-version":[{"id":28188,"href":"https:\/\/fundacionagrolibano.org\/en\/wp-json\/wp\/v2\/posts\/923\/revisions\/28188"}],"wp:featuredmedia":[{"embeddable":true,"href":"https:\/\/fundacionagrolibano.org\/en\/wp-json\/wp\/v2\/media\/28187"}],"wp:attachment":[{"href":"https:\/\/fundacionagrolibano.org\/en\/wp-json\/wp\/v2\/media?parent=923"}],"wp:term":[{"taxonomy":"category","embeddable":true,"href":"https:\/\/fundacionagrolibano.org\/en\/wp-json\/wp\/v2\/categories?post=923"},{"taxonomy":"post_tag","embeddable":true,"href":"https:\/\/fundacionagrolibano.org\/en\/wp-json\/wp\/v2\/tags?post=923"}],"curies":[{"name":"wp","href":"https:\/\/api.w.org\/{rel}","templated":true}]}}