{"id":926,"date":"2022-12-23T19:16:01","date_gmt":"2022-12-23T19:16:01","guid":{"rendered":"http:\/\/www.fundacionagrolibano2.org\/?p=926"},"modified":"2024-10-29T18:26:18","modified_gmt":"2024-10-29T18:26:18","slug":"directora-general-de-cosude-visita-instalaciones-de-agrolibano","status":"publish","type":"post","link":"https:\/\/fundacionagrolibano.org\/en\/directora-general-de-cosude-visita-instalaciones-de-agrolibano\/","title":{"rendered":"Director General of COSUDE visits Agrol\u00edbano facilities"},"content":{"rendered":"<p>With the aim of interacting on the participation of the private sector in water management, from an intersectoral and multi-actor approach, the Director General of the COSUDE, Ambassador Patrizia Danzi, visited us, accompanied by officials from the Swiss Cooperation in the Central American region, the Vice Minister of the Secretariat of Environment and Natural Resources and officials from the Territorial Water Governance Program in the Gulf of Fonseca. The exchange took place on Saturday, December 17 at the El Porvenir farm, where Agrol\u00edbano has been developing the water harvesting program for more than 15 years.<\/p>\n\n\n\n<figure class=\"wp-block-embed is-type-video is-provider-youtube wp-block-embed-youtube wp-embed-aspect-4-3 wp-has-aspect-ratio\"><div class=\"wp-block-embed__wrapper\">\n<iframe title=\"Directora general de COSUDE visita instalaciones de Agrol\u00edbano v\" width=\"1140\" height=\"855\" src=\"https:\/\/www.youtube.com\/embed\/oKuNtGV_xeI?feature=oembed\" frameborder=\"0\" allow=\"accelerometer; autoplay; clipboard-write; encrypted-media; gyroscope; picture-in-picture; web-share\" referrerpolicy=\"strict-origin-when-cross-origin\" allowfullscreen><\/iframe>\n<\/div><\/figure>","protected":false},"excerpt":{"rendered":"<p>Con el objetivo de interactuar sobre la participaci\u00f3n del sector privado en la gesti\u00f3n del agua, desde un enfoque intersectorial y multiactores, se recibi\u00f3 la visita de la directora general de la COSUDE, Embajadora Patrizia Danzi, acompa\u00f1ada de funcionarios de la Cooperaci\u00f3n Suiza en la regi\u00f3n centroamericana, del viceministro de la Secretar\u00eda de Ambiente y [&hellip;]<\/p>\n","protected":false},"author":4,"featured_media":28189,"comment_status":"open","ping_status":"open","sticky":false,"template":"","format":"standard","meta":{"footnotes":""},"categories":[3],"tags":[],"class_list":["post-926","post","type-post","status-publish","format-standard","has-post-thumbnail","hentry","category-sala-de-prensa"],"_links":{"self":[{"href":"https:\/\/fundacionagrolibano.org\/en\/wp-json\/wp\/v2\/posts\/926","targetHints":{"allow":["GET"]}}],"collection":[{"href":"https:\/\/fundacionagrolibano.org\/en\/wp-json\/wp\/v2\/posts"}],"about":[{"href":"https:\/\/fundacionagrolibano.org\/en\/wp-json\/wp\/v2\/types\/post"}],"author":[{"embeddable":true,"href":"https:\/\/fundacionagrolibano.org\/en\/wp-json\/wp\/v2\/users\/4"}],"replies":[{"embeddable":true,"href":"https:\/\/fundacionagrolibano.org\/en\/wp-json\/wp\/v2\/comments?post=926"}],"version-history":[{"count":4,"href":"https:\/\/fundacionagrolibano.org\/en\/wp-json\/wp\/v2\/posts\/926\/revisions"}],"predecessor-version":[{"id":28191,"href":"https:\/\/fundacionagrolibano.org\/en\/wp-json\/wp\/v2\/posts\/926\/revisions\/28191"}],"wp:featuredmedia":[{"embeddable":true,"href":"https:\/\/fundacionagrolibano.org\/en\/wp-json\/wp\/v2\/media\/28189"}],"wp:attachment":[{"href":"https:\/\/fundacionagrolibano.org\/en\/wp-json\/wp\/v2\/media?parent=926"}],"wp:term":[{"taxonomy":"category","embeddable":true,"href":"https:\/\/fundacionagrolibano.org\/en\/wp-json\/wp\/v2\/categories?post=926"},{"taxonomy":"post_tag","embeddable":true,"href":"https:\/\/fundacionagrolibano.org\/en\/wp-json\/wp\/v2\/tags?post=926"}],"curies":[{"name":"wp","href":"https:\/\/api.w.org\/{rel}","templated":true}]}}