{"id":946,"date":"2023-02-22T19:25:37","date_gmt":"2023-02-22T19:25:37","guid":{"rendered":"https:\/\/www.fundacionagrolibano2.org\/?p=946"},"modified":"2024-10-29T18:27:58","modified_gmt":"2024-10-29T18:27:58","slug":"comunidades-mejoran-condiciones-para-atender-a-la-ninez","status":"publish","type":"post","link":"https:\/\/fundacionagrolibano.org\/en\/comunidades-mejoran-condiciones-para-atender-a-la-ninez\/","title":{"rendered":"Communities improve conditions to care for children"},"content":{"rendered":"<p>Within the framework of the implementation of the Comprehensive Early Childhood Care Program in the community of Tamarindo in Nacaome and San Agust\u00edn in Namasig\u00fce, important improvements were completed in the community physical spaces for child care, which contribute to facilitating safe, comfortable care conditions and in a pleasant environment for safe motherhood actions, monitoring of child growth and development, with the financial support of Fundaci\u00f3n Agrol\u00edbano Inc., thus contributing to SDGs 1, 2, 3 and 17, by reducing deprivations linked to multidimensional poverty, by promoting the well-being and care of child development, the promotion of peaceful societies and the establishment of alliances to achieve the objectives.<\/p>","protected":false},"excerpt":{"rendered":"<p>En el marco de la implementaci\u00f3n del Programa de Atenci\u00f3n Integral a la Primera Infancia en la comunidad de Tamarindo en Nacaome y San Agust\u00edn en Namasig\u00fce, se concluyeron importantes mejoras en los espacios f\u00edsicos comunitarios destinados a la atenci\u00f3n de la ni\u00f1ez, las cuales contribuyen a facilitar condiciones de atenci\u00f3n seguras, c\u00f3modas y en [&hellip;]<\/p>\n","protected":false},"author":4,"featured_media":948,"comment_status":"open","ping_status":"open","sticky":false,"template":"","format":"standard","meta":{"footnotes":""},"categories":[3],"tags":[],"class_list":["post-946","post","type-post","status-publish","format-standard","has-post-thumbnail","hentry","category-sala-de-prensa"],"_links":{"self":[{"href":"https:\/\/fundacionagrolibano.org\/en\/wp-json\/wp\/v2\/posts\/946","targetHints":{"allow":["GET"]}}],"collection":[{"href":"https:\/\/fundacionagrolibano.org\/en\/wp-json\/wp\/v2\/posts"}],"about":[{"href":"https:\/\/fundacionagrolibano.org\/en\/wp-json\/wp\/v2\/types\/post"}],"author":[{"embeddable":true,"href":"https:\/\/fundacionagrolibano.org\/en\/wp-json\/wp\/v2\/users\/4"}],"replies":[{"embeddable":true,"href":"https:\/\/fundacionagrolibano.org\/en\/wp-json\/wp\/v2\/comments?post=946"}],"version-history":[{"count":3,"href":"https:\/\/fundacionagrolibano.org\/en\/wp-json\/wp\/v2\/posts\/946\/revisions"}],"predecessor-version":[{"id":28195,"href":"https:\/\/fundacionagrolibano.org\/en\/wp-json\/wp\/v2\/posts\/946\/revisions\/28195"}],"wp:featuredmedia":[{"embeddable":true,"href":"https:\/\/fundacionagrolibano.org\/en\/wp-json\/wp\/v2\/media\/948"}],"wp:attachment":[{"href":"https:\/\/fundacionagrolibano.org\/en\/wp-json\/wp\/v2\/media?parent=946"}],"wp:term":[{"taxonomy":"category","embeddable":true,"href":"https:\/\/fundacionagrolibano.org\/en\/wp-json\/wp\/v2\/categories?post=946"},{"taxonomy":"post_tag","embeddable":true,"href":"https:\/\/fundacionagrolibano.org\/en\/wp-json\/wp\/v2\/tags?post=946"}],"curies":[{"name":"wp","href":"https:\/\/api.w.org\/{rel}","templated":true}]}}