{"id":955,"date":"2023-02-22T19:36:56","date_gmt":"2023-02-22T19:36:56","guid":{"rendered":"https:\/\/www.fundacionagrolibano2.org\/?p=955"},"modified":"2024-10-29T18:29:21","modified_gmt":"2024-10-29T18:29:21","slug":"implementacion-de-viveros-en-comunidades-de-choluteca-y-valle","status":"publish","type":"post","link":"https:\/\/fundacionagrolibano.org\/en\/implementacion-de-viveros-en-comunidades-de-choluteca-y-valle\/","title":{"rendered":"Implementation of nurseries in communities of Choluteca and Valle"},"content":{"rendered":"<p>To strengthen citizen participation in reforestation actions that contribute to the protection of water resources, 4 nurseries are being implemented in coordination with the Calaire Microbasin Council and the involvement of 5 Water Boards in Valle and Choluteca and family members to achieve the production of 5 thousand plants, 80% of them produced in the spaces of the School Farms. All this has been possible with the support of the Territorial Water Governance Program Region 13 Gulf of Fonseca and the technical and financial support of the Swiss Agency for Development and Cooperation - COSUDE, to contribute together to the achievement of SDGs #13 Climate Action, #15 Terrestrial Ecosystems and #17 Partnerships to achieve the goals.<\/p>","protected":false},"excerpt":{"rendered":"<p>Para el fortalecimiento de la participaci\u00f3n ciudadana en acciones de reforestaci\u00f3n que contribuyan a proteger los recursos h\u00eddricos, se est\u00e1n implementando 4 viveros en coordinaci\u00f3n con el consejo de Microcuenca de Calaire y el involucramiento de 5 Juntas de Agua en Valle y Choluteca e integrantes de las familias para lograr la producci\u00f3n de 5 [&hellip;]<\/p>\n","protected":false},"author":4,"featured_media":957,"comment_status":"open","ping_status":"open","sticky":false,"template":"","format":"standard","meta":{"footnotes":""},"categories":[3],"tags":[],"class_list":["post-955","post","type-post","status-publish","format-standard","has-post-thumbnail","hentry","category-sala-de-prensa"],"_links":{"self":[{"href":"https:\/\/fundacionagrolibano.org\/en\/wp-json\/wp\/v2\/posts\/955","targetHints":{"allow":["GET"]}}],"collection":[{"href":"https:\/\/fundacionagrolibano.org\/en\/wp-json\/wp\/v2\/posts"}],"about":[{"href":"https:\/\/fundacionagrolibano.org\/en\/wp-json\/wp\/v2\/types\/post"}],"author":[{"embeddable":true,"href":"https:\/\/fundacionagrolibano.org\/en\/wp-json\/wp\/v2\/users\/4"}],"replies":[{"embeddable":true,"href":"https:\/\/fundacionagrolibano.org\/en\/wp-json\/wp\/v2\/comments?post=955"}],"version-history":[{"count":4,"href":"https:\/\/fundacionagrolibano.org\/en\/wp-json\/wp\/v2\/posts\/955\/revisions"}],"predecessor-version":[{"id":28199,"href":"https:\/\/fundacionagrolibano.org\/en\/wp-json\/wp\/v2\/posts\/955\/revisions\/28199"}],"wp:featuredmedia":[{"embeddable":true,"href":"https:\/\/fundacionagrolibano.org\/en\/wp-json\/wp\/v2\/media\/957"}],"wp:attachment":[{"href":"https:\/\/fundacionagrolibano.org\/en\/wp-json\/wp\/v2\/media?parent=955"}],"wp:term":[{"taxonomy":"category","embeddable":true,"href":"https:\/\/fundacionagrolibano.org\/en\/wp-json\/wp\/v2\/categories?post=955"},{"taxonomy":"post_tag","embeddable":true,"href":"https:\/\/fundacionagrolibano.org\/en\/wp-json\/wp\/v2\/tags?post=955"}],"curies":[{"name":"wp","href":"https:\/\/api.w.org\/{rel}","templated":true}]}}